{"id":20401,"date":"2025-07-11T19:18:45","date_gmt":"2025-07-11T17:18:45","guid":{"rendered":"https:\/\/wgphoto.pl\/t\/?p=20401"},"modified":"2025-07-11T19:18:53","modified_gmt":"2025-07-11T17:18:53","slug":"9-linii","status":"publish","type":"post","link":"https:\/\/wgphoto.pl\/t\/?p=20401","title":{"rendered":"9 linii"},"content":{"rendered":"\n<figure class=\"wp-block-image aligncenter size-full\"><img loading=\"lazy\" decoding=\"async\" width=\"1300\" height=\"867\" src=\"https:\/\/wgphoto.pl\/t\/wp-content\/uploads\/2025\/07\/0229-28_rsn.jpg\" alt=\"\" class=\"wp-image-20402\" srcset=\"https:\/\/wgphoto.pl\/t\/wp-content\/uploads\/2025\/07\/0229-28_rsn.jpg 1300w, https:\/\/wgphoto.pl\/t\/wp-content\/uploads\/2025\/07\/0229-28_rsn-300x200.jpg 300w, https:\/\/wgphoto.pl\/t\/wp-content\/uploads\/2025\/07\/0229-28_rsn-768x512.jpg 768w\" sizes=\"auto, (max-width: 1300px) 100vw, 1300px\" \/><\/figure>\n\n\n\n<div class=\"wp-block-group has-global-padding is-layout-constrained wp-block-group-is-layout-constrained\">\n<p>Wroc\u0142aw, przystanek <em>Stadion Olimpijski<\/em> przy al. Paderewskiego, sk\u0142ad 105Na 2230+2231. Foto jak foto, ale ciekawie wygl\u0105da 9 numer\u00f3w linii wyklejonych na s\u0142upku przystankowym. Dzi\u015b trudno by by\u0142o przebi\u0107 t\u0119 warto\u015b\u0107, a wtedy do czterech kursuj\u0105cych tu normalnie linii (8, 9, 12, 17) do\u0142\u0105czy\u0142y wszystkie z zamkni\u0119tej ul. Jedno\u015bci Narodowej (6, 11 i zast\u0119pcze 73, zamiast 23), a ca\u0142o\u015b\u0107 uzupe\u0142ni\u0142y dwie nocne (planowe 32 i objazdowe 34). 15.12.2002<\/p>\n<\/div>\n","protected":false},"excerpt":{"rendered":"<p>Wroc\u0142aw, przystanek Stadion Olimpijski przy al. Paderewskiego, sk\u0142ad 105Na 2230+2231. Foto jak foto, ale ciekawie wygl\u0105da 9 numer\u00f3w linii wyklejonych na s\u0142upku przystankowym. Dzi\u015b trudno by by\u0142o przebi\u0107 t\u0119 warto\u015b\u0107, a wtedy do czterech kursuj\u0105cych tu normalnie linii (8, 9, 12, 17) do\u0142\u0105czy\u0142y wszystkie z zamkni\u0119tej ul. Jedno\u015bci Narodowej (6, 11 i zast\u0119pcze 73, zamiast [&hellip;]<\/p>\n","protected":false},"author":1,"featured_media":20402,"comment_status":"open","ping_status":"","sticky":false,"template":"","format":"standard","meta":{"footnotes":""},"categories":[62,577,3],"tags":[155,3990,42,27,219,41],"class_list":["post-20401","post","type-post","status-publish","format-standard","has-post-thumbnail","hentry","category-analog","category-rok-2002","category-tramwaj","tag-105na","tag-2002-12-15","tag-mpk-wroclaw","tag-polska","tag-przystanek","tag-wroclaw"],"_links":{"self":[{"href":"https:\/\/wgphoto.pl\/t\/index.php?rest_route=\/wp\/v2\/posts\/20401","targetHints":{"allow":["GET"]}}],"collection":[{"href":"https:\/\/wgphoto.pl\/t\/index.php?rest_route=\/wp\/v2\/posts"}],"about":[{"href":"https:\/\/wgphoto.pl\/t\/index.php?rest_route=\/wp\/v2\/types\/post"}],"author":[{"embeddable":true,"href":"https:\/\/wgphoto.pl\/t\/index.php?rest_route=\/wp\/v2\/users\/1"}],"replies":[{"embeddable":true,"href":"https:\/\/wgphoto.pl\/t\/index.php?rest_route=%2Fwp%2Fv2%2Fcomments&post=20401"}],"version-history":[{"count":1,"href":"https:\/\/wgphoto.pl\/t\/index.php?rest_route=\/wp\/v2\/posts\/20401\/revisions"}],"predecessor-version":[{"id":20403,"href":"https:\/\/wgphoto.pl\/t\/index.php?rest_route=\/wp\/v2\/posts\/20401\/revisions\/20403"}],"wp:featuredmedia":[{"embeddable":true,"href":"https:\/\/wgphoto.pl\/t\/index.php?rest_route=\/wp\/v2\/media\/20402"}],"wp:attachment":[{"href":"https:\/\/wgphoto.pl\/t\/index.php?rest_route=%2Fwp%2Fv2%2Fmedia&parent=20401"}],"wp:term":[{"taxonomy":"category","embeddable":true,"href":"https:\/\/wgphoto.pl\/t\/index.php?rest_route=%2Fwp%2Fv2%2Fcategories&post=20401"},{"taxonomy":"post_tag","embeddable":true,"href":"https:\/\/wgphoto.pl\/t\/index.php?rest_route=%2Fwp%2Fv2%2Ftags&post=20401"}],"curies":[{"name":"wp","href":"https:\/\/api.w.org\/{rel}","templated":true}]}}