{"id":20404,"date":"2025-07-11T19:19:44","date_gmt":"2025-07-11T17:19:44","guid":{"rendered":"https:\/\/wgphoto.pl\/t\/?p=20404"},"modified":"2025-07-11T19:19:44","modified_gmt":"2025-07-11T17:19:44","slug":"analogowe-swieta","status":"publish","type":"post","link":"https:\/\/wgphoto.pl\/t\/?p=20404","title":{"rendered":"Analogowe \u015awi\u0119ta"},"content":{"rendered":"\n<figure class=\"wp-block-image aligncenter size-full\"><img loading=\"lazy\" decoding=\"async\" width=\"1300\" height=\"867\" src=\"https:\/\/wgphoto.pl\/t\/wp-content\/uploads\/2025\/07\/0701-12_rsn.jpg\" alt=\"\" class=\"wp-image-20405\" srcset=\"https:\/\/wgphoto.pl\/t\/wp-content\/uploads\/2025\/07\/0701-12_rsn.jpg 1300w, https:\/\/wgphoto.pl\/t\/wp-content\/uploads\/2025\/07\/0701-12_rsn-300x200.jpg 300w, https:\/\/wgphoto.pl\/t\/wp-content\/uploads\/2025\/07\/0701-12_rsn-768x512.jpg 768w\" sizes=\"auto, (max-width: 1300px) 100vw, 1300px\" \/><\/figure>\n\n\n\n<div class=\"wp-block-group has-global-padding is-layout-constrained wp-block-group-is-layout-constrained\">\n<p>Wroc\u0142aw, ul. marsz. J\u00f3zefa Pi\u0142sudskiego. Na przystanku <em>Arkady<\/em> zatrzyma\u0142a si\u0119 stodw\u00f3jka 2058, za ni\u0105 na wjazd na przystanek, w\u00f3czas pojedynczy, oczekuje sk\u0142ad 105Na 2488+2489. Dzi\u015b przy tej ulicy nie ma ju\u017c \u015bwi\u0105tecznych ozd\u00f3b. 06.01.2007<\/p>\n<\/div>\n","protected":false},"excerpt":{"rendered":"<p>Wroc\u0142aw, ul. marsz. J\u00f3zefa Pi\u0142sudskiego. Na przystanku Arkady zatrzyma\u0142a si\u0119 stodw\u00f3jka 2058, za ni\u0105 na wjazd na przystanek, w\u00f3czas pojedynczy, oczekuje sk\u0142ad 105Na 2488+2489. Dzi\u015b przy tej ulicy nie ma ju\u017c \u015bwi\u0105tecznych ozd\u00f3b. 06.01.2007<\/p>\n","protected":false},"author":1,"featured_media":20405,"comment_status":"open","ping_status":"","sticky":false,"template":"","format":"standard","meta":{"footnotes":""},"categories":[62,96,3],"tags":[2539,309,42,154,27,1491,41],"class_list":["post-20404","post","type-post","status-publish","format-standard","has-post-thumbnail","hentry","category-analog","category-rok-2007","category-tramwaj","tag-2007-01-06","tag-konstal-102na","tag-mpk-wroclaw","tag-noc","tag-polska","tag-swiateczne-akcenty","tag-wroclaw"],"_links":{"self":[{"href":"https:\/\/wgphoto.pl\/t\/index.php?rest_route=\/wp\/v2\/posts\/20404","targetHints":{"allow":["GET"]}}],"collection":[{"href":"https:\/\/wgphoto.pl\/t\/index.php?rest_route=\/wp\/v2\/posts"}],"about":[{"href":"https:\/\/wgphoto.pl\/t\/index.php?rest_route=\/wp\/v2\/types\/post"}],"author":[{"embeddable":true,"href":"https:\/\/wgphoto.pl\/t\/index.php?rest_route=\/wp\/v2\/users\/1"}],"replies":[{"embeddable":true,"href":"https:\/\/wgphoto.pl\/t\/index.php?rest_route=%2Fwp%2Fv2%2Fcomments&post=20404"}],"version-history":[{"count":1,"href":"https:\/\/wgphoto.pl\/t\/index.php?rest_route=\/wp\/v2\/posts\/20404\/revisions"}],"predecessor-version":[{"id":20406,"href":"https:\/\/wgphoto.pl\/t\/index.php?rest_route=\/wp\/v2\/posts\/20404\/revisions\/20406"}],"wp:featuredmedia":[{"embeddable":true,"href":"https:\/\/wgphoto.pl\/t\/index.php?rest_route=\/wp\/v2\/media\/20405"}],"wp:attachment":[{"href":"https:\/\/wgphoto.pl\/t\/index.php?rest_route=%2Fwp%2Fv2%2Fmedia&parent=20404"}],"wp:term":[{"taxonomy":"category","embeddable":true,"href":"https:\/\/wgphoto.pl\/t\/index.php?rest_route=%2Fwp%2Fv2%2Fcategories&post=20404"},{"taxonomy":"post_tag","embeddable":true,"href":"https:\/\/wgphoto.pl\/t\/index.php?rest_route=%2Fwp%2Fv2%2Ftags&post=20404"}],"curies":[{"name":"wp","href":"https:\/\/api.w.org\/{rel}","templated":true}]}}