{"id":20425,"date":"2025-07-11T19:26:17","date_gmt":"2025-07-11T17:26:17","guid":{"rendered":"https:\/\/wgphoto.pl\/t\/?p=20425"},"modified":"2025-07-11T19:26:17","modified_gmt":"2025-07-11T17:26:17","slug":"nova-bana","status":"publish","type":"post","link":"https:\/\/wgphoto.pl\/t\/?p=20425","title":{"rendered":"Nov\u00e1 Ba\u0148a"},"content":{"rendered":"\n<figure class=\"wp-block-image aligncenter size-full\"><img loading=\"lazy\" decoding=\"async\" width=\"1300\" height=\"861\" src=\"https:\/\/wgphoto.pl\/t\/wp-content\/uploads\/2025\/07\/IMGP9286.jpg\" alt=\"\" class=\"wp-image-20426\" srcset=\"https:\/\/wgphoto.pl\/t\/wp-content\/uploads\/2025\/07\/IMGP9286.jpg 1300w, https:\/\/wgphoto.pl\/t\/wp-content\/uploads\/2025\/07\/IMGP9286-300x199.jpg 300w, https:\/\/wgphoto.pl\/t\/wp-content\/uploads\/2025\/07\/IMGP9286-768x509.jpg 768w\" sizes=\"auto, (max-width: 1300px) 100vw, 1300px\" \/><\/figure>\n\n\n\n<div class=\"wp-block-group has-global-padding is-layout-constrained wp-block-group-is-layout-constrained\">\n<p>Lama 240.036-4 z poci\u0105giem osobowym relacji Nov\u00e1 Ba\u0148a &#8211; Nov\u00e9 Z\u00e1mky (planowo ze Zvolena; skr\u00f3cona relacja z powodu v\u00fdluky) za jaki\u015b czas odjedzie ze stacji pocz\u0105tkowej. Kiedy\u015b mia\u0142em co nieco napisa\u0107 na temat fantastycznej organizacji ruchu na czas rzeczonego zamkni\u0119cia, jednak po 3,5 roku co nieco ulecia\u0142o ju\u017c z pami\u0119ci. W ka\u017cdym razie mog\u0119 doda\u0107, \u017ce widzimy tutaj dwa sk\u0142ady wagonowe i jedn\u0105 lokomotyw\u0119, gdy\u017c druga lokomotywa pojecha\u0142a na pomoc maszynie zdefektowanej na rychliku, za\u015b &#8222;jej&#8221; poci\u0105g osobowy najprawdopodobniej odwo\u0142ano, porzucaj\u0105c tutaj wagony. Ja na tej stacji utkn\u0105\u0142em na jakie\u015b dwie godziny, chc\u0105c tylko sfotografowa\u0107 manewruj\u0105c\u0105 &#8222;laminatk\u0119&#8221;, skoro i tak plan tego dnia leg\u0142 w gruzach z powodu op\u00f3\u017anie\u0144. Misja, jak wida\u0107, uda\u0142a si\u0119, tym niemniej z ulg\u0105 opu\u015bci\u0142em ten rejon \u015bwiata na pok\u0142adzie autobusu KKZ. 11.08.2020<\/p>\n<\/div>\n","protected":false},"excerpt":{"rendered":"<p>Lama 240.036-4 z poci\u0105giem osobowym relacji Nov\u00e1 Ba\u0148a &#8211; Nov\u00e9 Z\u00e1mky (planowo ze Zvolena; skr\u00f3cona relacja z powodu v\u00fdluky) za jaki\u015b czas odjedzie ze stacji pocz\u0105tkowej. Kiedy\u015b mia\u0142em co nieco napisa\u0107 na temat fantastycznej organizacji ruchu na czas rzeczonego zamkni\u0119cia, jednak po 3,5 roku co nieco ulecia\u0142o ju\u017c z pami\u0119ci. W ka\u017cdym razie mog\u0119 doda\u0107, [&hellip;]<\/p>\n","protected":false},"author":1,"featured_media":20426,"comment_status":"open","ping_status":"","sticky":false,"template":"","format":"standard","meta":{"footnotes":""},"categories":[2,676],"tags":[1915,1913,114,4299,678,675,469],"class_list":["post-20425","post","type-post","status-publish","format-standard","has-post-thumbnail","hentry","category-kolej","category-rok-2020","tag-2020-08-11","tag-1913","tag-gory","tag-nova-bana","tag-slovensko-uhersko-2020","tag-slowacja","tag-zssk"],"_links":{"self":[{"href":"https:\/\/wgphoto.pl\/t\/index.php?rest_route=\/wp\/v2\/posts\/20425","targetHints":{"allow":["GET"]}}],"collection":[{"href":"https:\/\/wgphoto.pl\/t\/index.php?rest_route=\/wp\/v2\/posts"}],"about":[{"href":"https:\/\/wgphoto.pl\/t\/index.php?rest_route=\/wp\/v2\/types\/post"}],"author":[{"embeddable":true,"href":"https:\/\/wgphoto.pl\/t\/index.php?rest_route=\/wp\/v2\/users\/1"}],"replies":[{"embeddable":true,"href":"https:\/\/wgphoto.pl\/t\/index.php?rest_route=%2Fwp%2Fv2%2Fcomments&post=20425"}],"version-history":[{"count":1,"href":"https:\/\/wgphoto.pl\/t\/index.php?rest_route=\/wp\/v2\/posts\/20425\/revisions"}],"predecessor-version":[{"id":20427,"href":"https:\/\/wgphoto.pl\/t\/index.php?rest_route=\/wp\/v2\/posts\/20425\/revisions\/20427"}],"wp:featuredmedia":[{"embeddable":true,"href":"https:\/\/wgphoto.pl\/t\/index.php?rest_route=\/wp\/v2\/media\/20426"}],"wp:attachment":[{"href":"https:\/\/wgphoto.pl\/t\/index.php?rest_route=%2Fwp%2Fv2%2Fmedia&parent=20425"}],"wp:term":[{"taxonomy":"category","embeddable":true,"href":"https:\/\/wgphoto.pl\/t\/index.php?rest_route=%2Fwp%2Fv2%2Fcategories&post=20425"},{"taxonomy":"post_tag","embeddable":true,"href":"https:\/\/wgphoto.pl\/t\/index.php?rest_route=%2Fwp%2Fv2%2Ftags&post=20425"}],"curies":[{"name":"wp","href":"https:\/\/api.w.org\/{rel}","templated":true}]}}