{"id":20428,"date":"2025-07-11T19:27:27","date_gmt":"2025-07-11T17:27:27","guid":{"rendered":"https:\/\/wgphoto.pl\/t\/?p=20428"},"modified":"2026-02-22T23:18:33","modified_gmt":"2026-02-22T22:18:33","slug":"troche-tu-pusto-2","status":"publish","type":"post","link":"https:\/\/wgphoto.pl\/t\/?p=20428","title":{"rendered":"Troch\u0119 tu pusto"},"content":{"rendered":"\n<figure class=\"wp-block-image aligncenter size-full\"><img loading=\"lazy\" decoding=\"async\" width=\"1300\" height=\"908\" src=\"https:\/\/wgphoto.pl\/t\/wp-content\/uploads\/2025\/07\/IMGP8483.jpg\" alt=\"\" class=\"wp-image-20429\" srcset=\"https:\/\/wgphoto.pl\/t\/wp-content\/uploads\/2025\/07\/IMGP8483.jpg 1300w, https:\/\/wgphoto.pl\/t\/wp-content\/uploads\/2025\/07\/IMGP8483-300x210.jpg 300w, https:\/\/wgphoto.pl\/t\/wp-content\/uploads\/2025\/07\/IMGP8483-768x536.jpg 768w\" sizes=\"auto, (max-width: 1300px) 100vw, 1300px\" \/><\/figure>\n\n\n\n<div class=\"wp-block-group has-global-padding is-layout-constrained wp-block-group-is-layout-constrained\">\n<p>Typowe wn\u0119trze wiede\u0144skiego U-bahnu. To nawet nie by\u0142 a\u017c taki bardzo ko\u0144cowy odcinek, ani skrajna pora dnia, lecz niedzielny bodaj poranek i kierunek &#8222;z centrum&#8221;. 28.05.2012<\/p>\n<\/div>\n","protected":false},"excerpt":{"rendered":"<p>Typowe wn\u0119trze wiede\u0144skiego U-bahnu. To nawet nie by\u0142 a\u017c taki bardzo ko\u0144cowy odcinek, ani skrajna pora dnia, lecz niedzielny bodaj poranek i kierunek &#8222;z centrum&#8221;. 28.05.2012<\/p>\n","protected":false},"author":1,"featured_media":20429,"comment_status":"open","ping_status":"","sticky":false,"template":"","format":"standard","meta":{"footnotes":""},"categories":[220,4,46],"tags":[2861,9,223,4680,99,97,98,454],"class_list":["post-20428","post","type-post","status-publish","format-standard","has-post-thumbnail","hentry","category-blo","category-metro","category-rok-2012","tag-2012-05-28","tag-austria","tag-symetria","tag-u","tag-u-bahn-wien","tag-wieden","tag-wiener-linien","tag-wnetrza-pojazdow"],"_links":{"self":[{"href":"https:\/\/wgphoto.pl\/t\/index.php?rest_route=\/wp\/v2\/posts\/20428","targetHints":{"allow":["GET"]}}],"collection":[{"href":"https:\/\/wgphoto.pl\/t\/index.php?rest_route=\/wp\/v2\/posts"}],"about":[{"href":"https:\/\/wgphoto.pl\/t\/index.php?rest_route=\/wp\/v2\/types\/post"}],"author":[{"embeddable":true,"href":"https:\/\/wgphoto.pl\/t\/index.php?rest_route=\/wp\/v2\/users\/1"}],"replies":[{"embeddable":true,"href":"https:\/\/wgphoto.pl\/t\/index.php?rest_route=%2Fwp%2Fv2%2Fcomments&post=20428"}],"version-history":[{"count":1,"href":"https:\/\/wgphoto.pl\/t\/index.php?rest_route=\/wp\/v2\/posts\/20428\/revisions"}],"predecessor-version":[{"id":20430,"href":"https:\/\/wgphoto.pl\/t\/index.php?rest_route=\/wp\/v2\/posts\/20428\/revisions\/20430"}],"wp:featuredmedia":[{"embeddable":true,"href":"https:\/\/wgphoto.pl\/t\/index.php?rest_route=\/wp\/v2\/media\/20429"}],"wp:attachment":[{"href":"https:\/\/wgphoto.pl\/t\/index.php?rest_route=%2Fwp%2Fv2%2Fmedia&parent=20428"}],"wp:term":[{"taxonomy":"category","embeddable":true,"href":"https:\/\/wgphoto.pl\/t\/index.php?rest_route=%2Fwp%2Fv2%2Fcategories&post=20428"},{"taxonomy":"post_tag","embeddable":true,"href":"https:\/\/wgphoto.pl\/t\/index.php?rest_route=%2Fwp%2Fv2%2Ftags&post=20428"}],"curies":[{"name":"wp","href":"https:\/\/api.w.org\/{rel}","templated":true}]}}