{"id":20431,"date":"2025-07-11T19:28:29","date_gmt":"2025-07-11T17:28:29","guid":{"rendered":"https:\/\/wgphoto.pl\/t\/?p=20431"},"modified":"2026-02-22T23:18:22","modified_gmt":"2026-02-22T22:18:22","slug":"slonce-w-tunelu","status":"publish","type":"post","link":"https:\/\/wgphoto.pl\/t\/?p=20431","title":{"rendered":"S\u0142o\u0144ce w tunelu"},"content":{"rendered":"\n<figure class=\"wp-block-image aligncenter size-full\"><img loading=\"lazy\" decoding=\"async\" width=\"1300\" height=\"861\" src=\"https:\/\/wgphoto.pl\/t\/wp-content\/uploads\/2025\/07\/IMGP1343.jpg\" alt=\"\" class=\"wp-image-20432\" srcset=\"https:\/\/wgphoto.pl\/t\/wp-content\/uploads\/2025\/07\/IMGP1343.jpg 1300w, https:\/\/wgphoto.pl\/t\/wp-content\/uploads\/2025\/07\/IMGP1343-300x199.jpg 300w, https:\/\/wgphoto.pl\/t\/wp-content\/uploads\/2025\/07\/IMGP1343-768x509.jpg 768w\" sizes=\"auto, (max-width: 1300px) 100vw, 1300px\" \/><\/figure>\n\n\n\n<div class=\"wp-block-group has-global-padding is-layout-constrained wp-block-group-is-layout-constrained\">\n<p>Wiede\u0144, Stadtpark. Sk\u0142ad linii U4 wychyla si\u0119 na z p\u0142ytkiego tunelu na stacj\u0119. Ruszaj\u0105c z peronu zn\u00f3w schowa si\u0119 pod ziemi\u0105. 24.12.2013<\/p>\n<\/div>\n","protected":false},"excerpt":{"rendered":"<p>Wiede\u0144, Stadtpark. Sk\u0142ad linii U4 wychyla si\u0119 na z p\u0142ytkiego tunelu na stacj\u0119. Ruszaj\u0105c z peronu zn\u00f3w schowa si\u0119 pod ziemi\u0105. 24.12.2013<\/p>\n","protected":false},"author":1,"featured_media":20432,"comment_status":"open","ping_status":"","sticky":false,"template":"","format":"standard","meta":{"footnotes":""},"categories":[4,55],"tags":[2863,9,181,15,4680,99,97,98],"class_list":["post-20431","post","type-post","status-publish","format-standard","has-post-thumbnail","hentry","category-metro","category-rok-2013","tag-2013-12-24","tag-austria","tag-slonce","tag-tunel","tag-u","tag-u-bahn-wien","tag-wieden","tag-wiener-linien"],"_links":{"self":[{"href":"https:\/\/wgphoto.pl\/t\/index.php?rest_route=\/wp\/v2\/posts\/20431","targetHints":{"allow":["GET"]}}],"collection":[{"href":"https:\/\/wgphoto.pl\/t\/index.php?rest_route=\/wp\/v2\/posts"}],"about":[{"href":"https:\/\/wgphoto.pl\/t\/index.php?rest_route=\/wp\/v2\/types\/post"}],"author":[{"embeddable":true,"href":"https:\/\/wgphoto.pl\/t\/index.php?rest_route=\/wp\/v2\/users\/1"}],"replies":[{"embeddable":true,"href":"https:\/\/wgphoto.pl\/t\/index.php?rest_route=%2Fwp%2Fv2%2Fcomments&post=20431"}],"version-history":[{"count":1,"href":"https:\/\/wgphoto.pl\/t\/index.php?rest_route=\/wp\/v2\/posts\/20431\/revisions"}],"predecessor-version":[{"id":20433,"href":"https:\/\/wgphoto.pl\/t\/index.php?rest_route=\/wp\/v2\/posts\/20431\/revisions\/20433"}],"wp:featuredmedia":[{"embeddable":true,"href":"https:\/\/wgphoto.pl\/t\/index.php?rest_route=\/wp\/v2\/media\/20432"}],"wp:attachment":[{"href":"https:\/\/wgphoto.pl\/t\/index.php?rest_route=%2Fwp%2Fv2%2Fmedia&parent=20431"}],"wp:term":[{"taxonomy":"category","embeddable":true,"href":"https:\/\/wgphoto.pl\/t\/index.php?rest_route=%2Fwp%2Fv2%2Fcategories&post=20431"},{"taxonomy":"post_tag","embeddable":true,"href":"https:\/\/wgphoto.pl\/t\/index.php?rest_route=%2Fwp%2Fv2%2Ftags&post=20431"}],"curies":[{"name":"wp","href":"https:\/\/api.w.org\/{rel}","templated":true}]}}