{"id":20444,"date":"2025-07-11T19:32:26","date_gmt":"2025-07-11T17:32:26","guid":{"rendered":"https:\/\/wgphoto.pl\/t\/?p=20444"},"modified":"2025-07-11T19:32:26","modified_gmt":"2025-07-11T17:32:26","slug":"lubie","status":"publish","type":"post","link":"https:\/\/wgphoto.pl\/t\/?p=20444","title":{"rendered":"Lubi\u0119"},"content":{"rendered":"\n<figure class=\"wp-block-image aligncenter size-full\"><img loading=\"lazy\" decoding=\"async\" width=\"1300\" height=\"861\" src=\"https:\/\/wgphoto.pl\/t\/wp-content\/uploads\/2025\/07\/IMGP0781.jpg\" alt=\"\" class=\"wp-image-20445\" srcset=\"https:\/\/wgphoto.pl\/t\/wp-content\/uploads\/2025\/07\/IMGP0781.jpg 1300w, https:\/\/wgphoto.pl\/t\/wp-content\/uploads\/2025\/07\/IMGP0781-300x199.jpg 300w, https:\/\/wgphoto.pl\/t\/wp-content\/uploads\/2025\/07\/IMGP0781-768x509.jpg 768w\" sizes=\"auto, (max-width: 1300px) 100vw, 1300px\" \/><\/figure>\n\n\n\n<div class=\"wp-block-group has-global-padding is-layout-constrained wp-block-group-is-layout-constrained\">\n<p>Haga, Zieken, Siemens Avenio nr 5055. Bardzo lubi\u0119 takie plenery, o czym zapewne wspomina\u0142em pod wieloma zdj\u0119ciami z Niderland\u00f3w. 01.05.2017<\/p>\n<\/div>\n","protected":false},"excerpt":{"rendered":"<p>Haga, Zieken, Siemens Avenio nr 5055. Bardzo lubi\u0119 takie plenery, o czym zapewne wspomina\u0142em pod wieloma zdj\u0119ciami z Niderland\u00f3w. 01.05.2017<\/p>\n","protected":false},"author":1,"featured_media":20445,"comment_status":"open","ping_status":"","sticky":false,"template":"","format":"standard","meta":{"footnotes":""},"categories":[368,3],"tags":[373,371,370,369,395,787,73,788],"class_list":["post-20444","post","type-post","status-publish","format-standard","has-post-thumbnail","hentry","category-rok-2017","category-tramwaj","tag-2017-05-01","tag-haga","tag-holandia","tag-htm-den-haag","tag-lustro","tag-majowka-2017-2","tag-rzeka","tag-siemens-avenio"],"_links":{"self":[{"href":"https:\/\/wgphoto.pl\/t\/index.php?rest_route=\/wp\/v2\/posts\/20444","targetHints":{"allow":["GET"]}}],"collection":[{"href":"https:\/\/wgphoto.pl\/t\/index.php?rest_route=\/wp\/v2\/posts"}],"about":[{"href":"https:\/\/wgphoto.pl\/t\/index.php?rest_route=\/wp\/v2\/types\/post"}],"author":[{"embeddable":true,"href":"https:\/\/wgphoto.pl\/t\/index.php?rest_route=\/wp\/v2\/users\/1"}],"replies":[{"embeddable":true,"href":"https:\/\/wgphoto.pl\/t\/index.php?rest_route=%2Fwp%2Fv2%2Fcomments&post=20444"}],"version-history":[{"count":1,"href":"https:\/\/wgphoto.pl\/t\/index.php?rest_route=\/wp\/v2\/posts\/20444\/revisions"}],"predecessor-version":[{"id":20446,"href":"https:\/\/wgphoto.pl\/t\/index.php?rest_route=\/wp\/v2\/posts\/20444\/revisions\/20446"}],"wp:featuredmedia":[{"embeddable":true,"href":"https:\/\/wgphoto.pl\/t\/index.php?rest_route=\/wp\/v2\/media\/20445"}],"wp:attachment":[{"href":"https:\/\/wgphoto.pl\/t\/index.php?rest_route=%2Fwp%2Fv2%2Fmedia&parent=20444"}],"wp:term":[{"taxonomy":"category","embeddable":true,"href":"https:\/\/wgphoto.pl\/t\/index.php?rest_route=%2Fwp%2Fv2%2Fcategories&post=20444"},{"taxonomy":"post_tag","embeddable":true,"href":"https:\/\/wgphoto.pl\/t\/index.php?rest_route=%2Fwp%2Fv2%2Ftags&post=20444"}],"curies":[{"name":"wp","href":"https:\/\/api.w.org\/{rel}","templated":true}]}}