{"id":20447,"date":"2025-07-11T22:04:52","date_gmt":"2025-07-11T20:04:52","guid":{"rendered":"https:\/\/wgphoto.pl\/t\/?p=20447"},"modified":"2025-07-11T22:04:52","modified_gmt":"2025-07-11T20:04:52","slug":"kt4dm-205","status":"publish","type":"post","link":"https:\/\/wgphoto.pl\/t\/?p=20447","title":{"rendered":"KT4DM 205"},"content":{"rendered":"\n<figure class=\"wp-block-image aligncenter size-full\"><img loading=\"lazy\" decoding=\"async\" width=\"1400\" height=\"927\" src=\"https:\/\/wgphoto.pl\/t\/wp-content\/uploads\/2025\/07\/2000f-18_rsn.jpg\" alt=\"\" class=\"wp-image-20448\" srcset=\"https:\/\/wgphoto.pl\/t\/wp-content\/uploads\/2025\/07\/2000f-18_rsn.jpg 1400w, https:\/\/wgphoto.pl\/t\/wp-content\/uploads\/2025\/07\/2000f-18_rsn-300x199.jpg 300w, https:\/\/wgphoto.pl\/t\/wp-content\/uploads\/2025\/07\/2000f-18_rsn-768x509.jpg 768w\" sizes=\"auto, (max-width: 1400px) 100vw, 1400px\" \/><\/figure>\n\n\n\n<div class=\"wp-block-group has-global-padding is-layout-constrained wp-block-group-is-layout-constrained\">\n<p>Frankfurt nad Odr\u0105, Bahnhofstra\u00dfe, KT4DM 205. Taka seria knocik\u00f3w sprzed \u0107wier\u0107wiecza. Z Frankfurtu zreszt\u0105 nie mam porywaj\u0105cych zdj\u0119\u0107, gdy\u017c nigdy nie by\u0142em tam w czasach cyfrowych. 11.07.2000<\/p>\n<\/div>\n","protected":false},"excerpt":{"rendered":"<p>Frankfurt nad Odr\u0105, Bahnhofstra\u00dfe, KT4DM 205. Taka seria knocik\u00f3w sprzed \u0107wier\u0107wiecza. Z Frankfurtu zreszt\u0105 nie mam porywaj\u0105cych zdj\u0119\u0107, gdy\u017c nigdy nie by\u0142em tam w czasach cyfrowych. 11.07.2000<\/p>\n","protected":false},"author":1,"featured_media":20448,"comment_status":"open","ping_status":"","sticky":false,"template":"","format":"standard","meta":{"footnotes":""},"categories":[62,1099,3],"tags":[4302,2525,23,2524,33],"class_list":["post-20447","post","type-post","status-publish","format-standard","has-post-thumbnail","hentry","category-analog","category-rok-2000","category-tramwaj","tag-2000-07-11","tag-frankfurt-nad-odra","tag-niemcy","tag-svf-ffo","tag-tatra-kt4"],"_links":{"self":[{"href":"https:\/\/wgphoto.pl\/t\/index.php?rest_route=\/wp\/v2\/posts\/20447","targetHints":{"allow":["GET"]}}],"collection":[{"href":"https:\/\/wgphoto.pl\/t\/index.php?rest_route=\/wp\/v2\/posts"}],"about":[{"href":"https:\/\/wgphoto.pl\/t\/index.php?rest_route=\/wp\/v2\/types\/post"}],"author":[{"embeddable":true,"href":"https:\/\/wgphoto.pl\/t\/index.php?rest_route=\/wp\/v2\/users\/1"}],"replies":[{"embeddable":true,"href":"https:\/\/wgphoto.pl\/t\/index.php?rest_route=%2Fwp%2Fv2%2Fcomments&post=20447"}],"version-history":[{"count":1,"href":"https:\/\/wgphoto.pl\/t\/index.php?rest_route=\/wp\/v2\/posts\/20447\/revisions"}],"predecessor-version":[{"id":20449,"href":"https:\/\/wgphoto.pl\/t\/index.php?rest_route=\/wp\/v2\/posts\/20447\/revisions\/20449"}],"wp:featuredmedia":[{"embeddable":true,"href":"https:\/\/wgphoto.pl\/t\/index.php?rest_route=\/wp\/v2\/media\/20448"}],"wp:attachment":[{"href":"https:\/\/wgphoto.pl\/t\/index.php?rest_route=%2Fwp%2Fv2%2Fmedia&parent=20447"}],"wp:term":[{"taxonomy":"category","embeddable":true,"href":"https:\/\/wgphoto.pl\/t\/index.php?rest_route=%2Fwp%2Fv2%2Fcategories&post=20447"},{"taxonomy":"post_tag","embeddable":true,"href":"https:\/\/wgphoto.pl\/t\/index.php?rest_route=%2Fwp%2Fv2%2Ftags&post=20447"}],"curies":[{"name":"wp","href":"https:\/\/api.w.org\/{rel}","templated":true}]}}