{"id":20450,"date":"2025-07-11T22:05:47","date_gmt":"2025-07-11T20:05:47","guid":{"rendered":"https:\/\/wgphoto.pl\/t\/?p=20450"},"modified":"2025-07-11T22:05:47","modified_gmt":"2025-07-11T20:05:47","slug":"nie-ma-3","status":"publish","type":"post","link":"https:\/\/wgphoto.pl\/t\/?p=20450","title":{"rendered":"Nie ma"},"content":{"rendered":"\n<figure class=\"wp-block-image aligncenter size-full\"><img loading=\"lazy\" decoding=\"async\" width=\"1400\" height=\"927\" src=\"https:\/\/wgphoto.pl\/t\/wp-content\/uploads\/2025\/07\/2000f-12_rsn.jpg\" alt=\"\" class=\"wp-image-20451\" srcset=\"https:\/\/wgphoto.pl\/t\/wp-content\/uploads\/2025\/07\/2000f-12_rsn.jpg 1400w, https:\/\/wgphoto.pl\/t\/wp-content\/uploads\/2025\/07\/2000f-12_rsn-300x199.jpg 300w, https:\/\/wgphoto.pl\/t\/wp-content\/uploads\/2025\/07\/2000f-12_rsn-768x509.jpg 768w\" sizes=\"auto, (max-width: 1400px) 100vw, 1400px\" \/><\/figure>\n\n\n\n<div class=\"wp-block-group has-global-padding is-layout-constrained wp-block-group-is-layout-constrained\">\n<p>Frankfurt nad Odr\u0105, Birkenallee, GT6M 306. Je\u015bli dobrze patrz\u0119, to budynek za tramwajem stoi do dzi\u015b, pozosta\u0142ych ju\u017c nie ma. W wymieraj\u0105cym mie\u015bcie ju\u017c wiele lat temu zacz\u0119to wyburza\u0107 wielk\u0105 p\u0142yt\u0119 na osiedlu Neuberesinchen. 11.07.2000<\/p>\n<\/div>\n","protected":false},"excerpt":{"rendered":"<p>Frankfurt nad Odr\u0105, Birkenallee, GT6M 306. Je\u015bli dobrze patrz\u0119, to budynek za tramwajem stoi do dzi\u015b, pozosta\u0142ych ju\u017c nie ma. W wymieraj\u0105cym mie\u015bcie ju\u017c wiele lat temu zacz\u0119to wyburza\u0107 wielk\u0105 p\u0142yt\u0119 na osiedlu Neuberesinchen. 11.07.2000<\/p>\n","protected":false},"author":1,"featured_media":20451,"comment_status":"open","ping_status":"","sticky":false,"template":"","format":"standard","meta":{"footnotes":""},"categories":[62,1099,3],"tags":[4302,2525,1265,23,2524],"class_list":["post-20450","post","type-post","status-publish","format-standard","has-post-thumbnail","hentry","category-analog","category-rok-2000","category-tramwaj","tag-2000-07-11","tag-frankfurt-nad-odra","tag-gtxn","tag-niemcy","tag-svf-ffo"],"_links":{"self":[{"href":"https:\/\/wgphoto.pl\/t\/index.php?rest_route=\/wp\/v2\/posts\/20450","targetHints":{"allow":["GET"]}}],"collection":[{"href":"https:\/\/wgphoto.pl\/t\/index.php?rest_route=\/wp\/v2\/posts"}],"about":[{"href":"https:\/\/wgphoto.pl\/t\/index.php?rest_route=\/wp\/v2\/types\/post"}],"author":[{"embeddable":true,"href":"https:\/\/wgphoto.pl\/t\/index.php?rest_route=\/wp\/v2\/users\/1"}],"replies":[{"embeddable":true,"href":"https:\/\/wgphoto.pl\/t\/index.php?rest_route=%2Fwp%2Fv2%2Fcomments&post=20450"}],"version-history":[{"count":1,"href":"https:\/\/wgphoto.pl\/t\/index.php?rest_route=\/wp\/v2\/posts\/20450\/revisions"}],"predecessor-version":[{"id":20452,"href":"https:\/\/wgphoto.pl\/t\/index.php?rest_route=\/wp\/v2\/posts\/20450\/revisions\/20452"}],"wp:featuredmedia":[{"embeddable":true,"href":"https:\/\/wgphoto.pl\/t\/index.php?rest_route=\/wp\/v2\/media\/20451"}],"wp:attachment":[{"href":"https:\/\/wgphoto.pl\/t\/index.php?rest_route=%2Fwp%2Fv2%2Fmedia&parent=20450"}],"wp:term":[{"taxonomy":"category","embeddable":true,"href":"https:\/\/wgphoto.pl\/t\/index.php?rest_route=%2Fwp%2Fv2%2Fcategories&post=20450"},{"taxonomy":"post_tag","embeddable":true,"href":"https:\/\/wgphoto.pl\/t\/index.php?rest_route=%2Fwp%2Fv2%2Ftags&post=20450"}],"curies":[{"name":"wp","href":"https:\/\/api.w.org\/{rel}","templated":true}]}}