{"id":20456,"date":"2025-07-11T22:07:31","date_gmt":"2025-07-11T20:07:31","guid":{"rendered":"https:\/\/wgphoto.pl\/t\/?p=20456"},"modified":"2025-07-11T22:07:31","modified_gmt":"2025-07-11T20:07:31","slug":"eu07-325","status":"publish","type":"post","link":"https:\/\/wgphoto.pl\/t\/?p=20456","title":{"rendered":"EU07-325"},"content":{"rendered":"\n<figure class=\"wp-block-image aligncenter size-full\"><img loading=\"lazy\" decoding=\"async\" width=\"1400\" height=\"927\" src=\"https:\/\/wgphoto.pl\/t\/wp-content\/uploads\/2025\/07\/2002q-15_rsn.jpg\" alt=\"\" class=\"wp-image-20457\" srcset=\"https:\/\/wgphoto.pl\/t\/wp-content\/uploads\/2025\/07\/2002q-15_rsn.jpg 1400w, https:\/\/wgphoto.pl\/t\/wp-content\/uploads\/2025\/07\/2002q-15_rsn-300x199.jpg 300w, https:\/\/wgphoto.pl\/t\/wp-content\/uploads\/2025\/07\/2002q-15_rsn-768x509.jpg 768w\" sizes=\"auto, (max-width: 1400px) 100vw, 1400px\" \/><\/figure>\n\n\n\n<div class=\"wp-block-group has-global-padding is-layout-constrained wp-block-group-is-layout-constrained\">\n<p>EU07-325 z poci\u0105giem 5306 IC &#8222;Sawa&#8221; z Gdyni G\u0142. do Krakowa G\u0142. mija peron przystanku Gda\u0144sk Przymorze i nastawni\u0119 dysponuj\u0105c\u0105 stacji Gda\u0144sk Oliwa. 11.07.2002<\/p>\n<\/div>\n","protected":false},"excerpt":{"rendered":"<p>EU07-325 z poci\u0105giem 5306 IC &#8222;Sawa&#8221; z Gdyni G\u0142. do Krakowa G\u0142. mija peron przystanku Gda\u0144sk Przymorze i nastawni\u0119 dysponuj\u0105c\u0105 stacji Gda\u0144sk Oliwa. 11.07.2002<\/p>\n","protected":false},"author":1,"featured_media":20457,"comment_status":"open","ping_status":"","sticky":false,"template":"","format":"standard","meta":{"footnotes":""},"categories":[62,2,577],"tags":[1937,122,907,2090,2091,63,27,1936],"class_list":["post-20456","post","type-post","status-publish","format-standard","has-post-thumbnail","hentry","category-analog","category-kolej","category-rok-2002","tag-2002-07-11","tag-eu07","tag-gdansk","tag-gdansk-oliwa","tag-gdansk-przymorze","tag-pkp","tag-polska","tag-tab-pl400"],"_links":{"self":[{"href":"https:\/\/wgphoto.pl\/t\/index.php?rest_route=\/wp\/v2\/posts\/20456","targetHints":{"allow":["GET"]}}],"collection":[{"href":"https:\/\/wgphoto.pl\/t\/index.php?rest_route=\/wp\/v2\/posts"}],"about":[{"href":"https:\/\/wgphoto.pl\/t\/index.php?rest_route=\/wp\/v2\/types\/post"}],"author":[{"embeddable":true,"href":"https:\/\/wgphoto.pl\/t\/index.php?rest_route=\/wp\/v2\/users\/1"}],"replies":[{"embeddable":true,"href":"https:\/\/wgphoto.pl\/t\/index.php?rest_route=%2Fwp%2Fv2%2Fcomments&post=20456"}],"version-history":[{"count":1,"href":"https:\/\/wgphoto.pl\/t\/index.php?rest_route=\/wp\/v2\/posts\/20456\/revisions"}],"predecessor-version":[{"id":20458,"href":"https:\/\/wgphoto.pl\/t\/index.php?rest_route=\/wp\/v2\/posts\/20456\/revisions\/20458"}],"wp:featuredmedia":[{"embeddable":true,"href":"https:\/\/wgphoto.pl\/t\/index.php?rest_route=\/wp\/v2\/media\/20457"}],"wp:attachment":[{"href":"https:\/\/wgphoto.pl\/t\/index.php?rest_route=%2Fwp%2Fv2%2Fmedia&parent=20456"}],"wp:term":[{"taxonomy":"category","embeddable":true,"href":"https:\/\/wgphoto.pl\/t\/index.php?rest_route=%2Fwp%2Fv2%2Fcategories&post=20456"},{"taxonomy":"post_tag","embeddable":true,"href":"https:\/\/wgphoto.pl\/t\/index.php?rest_route=%2Fwp%2Fv2%2Ftags&post=20456"}],"curies":[{"name":"wp","href":"https:\/\/api.w.org\/{rel}","templated":true}]}}