{"id":20462,"date":"2025-07-11T22:09:07","date_gmt":"2025-07-11T20:09:07","guid":{"rendered":"https:\/\/wgphoto.pl\/t\/?p=20462"},"modified":"2025-07-11T22:09:07","modified_gmt":"2025-07-11T20:09:07","slug":"ep08-013-w-slupozie","status":"publish","type":"post","link":"https:\/\/wgphoto.pl\/t\/?p=20462","title":{"rendered":"EP08-013 w s\u0142upozie"},"content":{"rendered":"\n<figure class=\"wp-block-image aligncenter size-full\"><img loading=\"lazy\" decoding=\"async\" width=\"1400\" height=\"903\" src=\"https:\/\/wgphoto.pl\/t\/wp-content\/uploads\/2025\/07\/2002q-18_rsn.jpg\" alt=\"\" class=\"wp-image-20463\" srcset=\"https:\/\/wgphoto.pl\/t\/wp-content\/uploads\/2025\/07\/2002q-18_rsn.jpg 1400w, https:\/\/wgphoto.pl\/t\/wp-content\/uploads\/2025\/07\/2002q-18_rsn-300x194.jpg 300w, https:\/\/wgphoto.pl\/t\/wp-content\/uploads\/2025\/07\/2002q-18_rsn-768x495.jpg 768w\" sizes=\"auto, (max-width: 1400px) 100vw, 1400px\" \/><\/figure>\n\n\n\n<div class=\"wp-block-group has-global-padding is-layout-constrained wp-block-group-is-layout-constrained\">\n<p>EP08-013 z poci\u0105giem 3501 IC &#8222;Lajkonik&#8221; Krak\u00f3w G\u0142. &#8211; Gdynia G\u0142. za par\u0119 minut zatrzyma si\u0119 w Gda\u0144sku Oliwie. 11.07.2002<\/p>\n<\/div>\n","protected":false},"excerpt":{"rendered":"<p>EP08-013 z poci\u0105giem 3501 IC &#8222;Lajkonik&#8221; Krak\u00f3w G\u0142. &#8211; Gdynia G\u0142. za par\u0119 minut zatrzyma si\u0119 w Gda\u0144sku Oliwie. 11.07.2002<\/p>\n","protected":false},"author":1,"featured_media":20463,"comment_status":"open","ping_status":"","sticky":false,"template":"","format":"standard","meta":{"footnotes":""},"categories":[62,2,577],"tags":[1937,225,907,2090,2091,63,27,1936],"class_list":["post-20462","post","type-post","status-publish","format-standard","has-post-thumbnail","hentry","category-analog","category-kolej","category-rok-2002","tag-2002-07-11","tag-ep08","tag-gdansk","tag-gdansk-oliwa","tag-gdansk-przymorze","tag-pkp","tag-polska","tag-tab-pl400"],"_links":{"self":[{"href":"https:\/\/wgphoto.pl\/t\/index.php?rest_route=\/wp\/v2\/posts\/20462","targetHints":{"allow":["GET"]}}],"collection":[{"href":"https:\/\/wgphoto.pl\/t\/index.php?rest_route=\/wp\/v2\/posts"}],"about":[{"href":"https:\/\/wgphoto.pl\/t\/index.php?rest_route=\/wp\/v2\/types\/post"}],"author":[{"embeddable":true,"href":"https:\/\/wgphoto.pl\/t\/index.php?rest_route=\/wp\/v2\/users\/1"}],"replies":[{"embeddable":true,"href":"https:\/\/wgphoto.pl\/t\/index.php?rest_route=%2Fwp%2Fv2%2Fcomments&post=20462"}],"version-history":[{"count":1,"href":"https:\/\/wgphoto.pl\/t\/index.php?rest_route=\/wp\/v2\/posts\/20462\/revisions"}],"predecessor-version":[{"id":20464,"href":"https:\/\/wgphoto.pl\/t\/index.php?rest_route=\/wp\/v2\/posts\/20462\/revisions\/20464"}],"wp:featuredmedia":[{"embeddable":true,"href":"https:\/\/wgphoto.pl\/t\/index.php?rest_route=\/wp\/v2\/media\/20463"}],"wp:attachment":[{"href":"https:\/\/wgphoto.pl\/t\/index.php?rest_route=%2Fwp%2Fv2%2Fmedia&parent=20462"}],"wp:term":[{"taxonomy":"category","embeddable":true,"href":"https:\/\/wgphoto.pl\/t\/index.php?rest_route=%2Fwp%2Fv2%2Fcategories&post=20462"},{"taxonomy":"post_tag","embeddable":true,"href":"https:\/\/wgphoto.pl\/t\/index.php?rest_route=%2Fwp%2Fv2%2Ftags&post=20462"}],"curies":[{"name":"wp","href":"https:\/\/api.w.org\/{rel}","templated":true}]}}