{"id":20465,"date":"2025-07-11T22:09:54","date_gmt":"2025-07-11T20:09:54","guid":{"rendered":"https:\/\/wgphoto.pl\/t\/?p=20465"},"modified":"2025-07-11T22:09:54","modified_gmt":"2025-07-11T20:09:54","slug":"eu07-434","status":"publish","type":"post","link":"https:\/\/wgphoto.pl\/t\/?p=20465","title":{"rendered":"EU07-434"},"content":{"rendered":"\n<figure class=\"wp-block-image aligncenter size-full\"><img loading=\"lazy\" decoding=\"async\" width=\"1400\" height=\"927\" src=\"https:\/\/wgphoto.pl\/t\/wp-content\/uploads\/2025\/07\/2002q-19_rsn.jpg\" alt=\"\" class=\"wp-image-20466\" srcset=\"https:\/\/wgphoto.pl\/t\/wp-content\/uploads\/2025\/07\/2002q-19_rsn.jpg 1400w, https:\/\/wgphoto.pl\/t\/wp-content\/uploads\/2025\/07\/2002q-19_rsn-300x199.jpg 300w, https:\/\/wgphoto.pl\/t\/wp-content\/uploads\/2025\/07\/2002q-19_rsn-768x509.jpg 768w\" sizes=\"auto, (max-width: 1400px) 100vw, 1400px\" \/><\/figure>\n\n\n\n<div class=\"wp-block-group has-global-padding is-layout-constrained wp-block-group-is-layout-constrained\">\n<p>EU07-434 z poci\u0105giem pospiesznym 58103 &#8222;Rybak&#8221; Olsztyn G\u0142. &#8211; Szczecin G\u0142. na szlaku Gda\u0144sk Wrzeszcz &#8211; Gda\u0144sk Oliwa. To mimo wszystko najlepszy kadr z tej kr\u00f3tkiej serii. 11.07.2002<\/p>\n<\/div>\n","protected":false},"excerpt":{"rendered":"<p>EU07-434 z poci\u0105giem pospiesznym 58103 &#8222;Rybak&#8221; Olsztyn G\u0142. &#8211; Szczecin G\u0142. na szlaku Gda\u0144sk Wrzeszcz &#8211; Gda\u0144sk Oliwa. To mimo wszystko najlepszy kadr z tej kr\u00f3tkiej serii. 11.07.2002<\/p>\n","protected":false},"author":1,"featured_media":20466,"comment_status":"open","ping_status":"","sticky":false,"template":"","format":"standard","meta":{"footnotes":""},"categories":[62,2,577],"tags":[1937,122,907,2090,2091,63,118,27,1936],"class_list":["post-20465","post","type-post","status-publish","format-standard","has-post-thumbnail","hentry","category-analog","category-kolej","category-rok-2002","tag-2002-07-11","tag-eu07","tag-gdansk","tag-gdansk-oliwa","tag-gdansk-przymorze","tag-pkp","tag-plany-i-profile","tag-polska","tag-tab-pl400"],"_links":{"self":[{"href":"https:\/\/wgphoto.pl\/t\/index.php?rest_route=\/wp\/v2\/posts\/20465","targetHints":{"allow":["GET"]}}],"collection":[{"href":"https:\/\/wgphoto.pl\/t\/index.php?rest_route=\/wp\/v2\/posts"}],"about":[{"href":"https:\/\/wgphoto.pl\/t\/index.php?rest_route=\/wp\/v2\/types\/post"}],"author":[{"embeddable":true,"href":"https:\/\/wgphoto.pl\/t\/index.php?rest_route=\/wp\/v2\/users\/1"}],"replies":[{"embeddable":true,"href":"https:\/\/wgphoto.pl\/t\/index.php?rest_route=%2Fwp%2Fv2%2Fcomments&post=20465"}],"version-history":[{"count":1,"href":"https:\/\/wgphoto.pl\/t\/index.php?rest_route=\/wp\/v2\/posts\/20465\/revisions"}],"predecessor-version":[{"id":20467,"href":"https:\/\/wgphoto.pl\/t\/index.php?rest_route=\/wp\/v2\/posts\/20465\/revisions\/20467"}],"wp:featuredmedia":[{"embeddable":true,"href":"https:\/\/wgphoto.pl\/t\/index.php?rest_route=\/wp\/v2\/media\/20466"}],"wp:attachment":[{"href":"https:\/\/wgphoto.pl\/t\/index.php?rest_route=%2Fwp%2Fv2%2Fmedia&parent=20465"}],"wp:term":[{"taxonomy":"category","embeddable":true,"href":"https:\/\/wgphoto.pl\/t\/index.php?rest_route=%2Fwp%2Fv2%2Fcategories&post=20465"},{"taxonomy":"post_tag","embeddable":true,"href":"https:\/\/wgphoto.pl\/t\/index.php?rest_route=%2Fwp%2Fv2%2Ftags&post=20465"}],"curies":[{"name":"wp","href":"https:\/\/api.w.org\/{rel}","templated":true}]}}