{"id":20472,"date":"2025-07-12T12:13:15","date_gmt":"2025-07-12T10:13:15","guid":{"rendered":"https:\/\/wgphoto.pl\/t\/?p=20472"},"modified":"2025-07-12T12:13:15","modified_gmt":"2025-07-12T10:13:15","slug":"swieza-pomarancza","status":"publish","type":"post","link":"https:\/\/wgphoto.pl\/t\/?p=20472","title":{"rendered":"\u015awie\u017ca pomara\u0144cza"},"content":{"rendered":"\n<figure class=\"wp-block-image aligncenter size-full\"><img loading=\"lazy\" decoding=\"async\" width=\"1300\" height=\"867\" src=\"https:\/\/wgphoto.pl\/t\/wp-content\/uploads\/2025\/07\/2000o_2001a-23_rsn.jpg\" alt=\"\" class=\"wp-image-20473\" srcset=\"https:\/\/wgphoto.pl\/t\/wp-content\/uploads\/2025\/07\/2000o_2001a-23_rsn.jpg 1300w, https:\/\/wgphoto.pl\/t\/wp-content\/uploads\/2025\/07\/2000o_2001a-23_rsn-300x200.jpg 300w, https:\/\/wgphoto.pl\/t\/wp-content\/uploads\/2025\/07\/2000o_2001a-23_rsn-768x512.jpg 768w\" sizes=\"auto, (max-width: 1300px) 100vw, 1300px\" \/><\/figure>\n\n\n\n<div class=\"wp-block-group has-global-padding is-layout-constrained wp-block-group-is-layout-constrained\">\n<p>B\u0142yszcz\u0105ca EP08-010 w swojej zwyczajowej s\u0142u\u017cbie przy obs\u0142udze poci\u0105gu ekspresowego 5600 &#8222;Pomorzanin&#8221; z Gdyni do Wroc\u0142awia. Szybka maszyna EP08 jecha\u0142a tylko na odcinku od Poznania, gdzie na kilkudziesi\u0119ciu kilometrach mo\u017cna by\u0142o z\u0142apa\u0107 pr\u0119dko\u015b\u0107 140 km\/h, za\u015b sk\u0142ad min\u0105\u0142 w\u0142a\u015bnie semafor wjazdowy do Podg Grabiszyn we Wroc\u0142awiu. 13.01.2001<\/p>\n<\/div>\n","protected":false},"excerpt":{"rendered":"<p>B\u0142yszcz\u0105ca EP08-010 w swojej zwyczajowej s\u0142u\u017cbie przy obs\u0142udze poci\u0105gu ekspresowego 5600 &#8222;Pomorzanin&#8221; z Gdyni do Wroc\u0142awia. Szybka maszyna EP08 jecha\u0142a tylko na odcinku od Poznania, gdzie na kilkudziesi\u0119ciu kilometrach mo\u017cna by\u0142o z\u0142apa\u0107 pr\u0119dko\u015b\u0107 140 km\/h, za\u015b sk\u0142ad min\u0105\u0142 w\u0142a\u015bnie semafor wjazdowy do Podg Grabiszyn we Wroc\u0142awiu. 13.01.2001<\/p>\n","protected":false},"author":1,"featured_media":20473,"comment_status":"open","ping_status":"","sticky":false,"template":"","format":"standard","meta":{"footnotes":""},"categories":[62,2,940],"tags":[4303,225,63,1544,27,190,41],"class_list":["post-20472","post","type-post","status-publish","format-standard","has-post-thumbnail","hentry","category-analog","category-kolej","category-rok-2001","tag-2001-01-13","tag-ep08","tag-pkp","tag-podg-grabiszyn","tag-polska","tag-tab-pl330","tag-wroclaw"],"_links":{"self":[{"href":"https:\/\/wgphoto.pl\/t\/index.php?rest_route=\/wp\/v2\/posts\/20472","targetHints":{"allow":["GET"]}}],"collection":[{"href":"https:\/\/wgphoto.pl\/t\/index.php?rest_route=\/wp\/v2\/posts"}],"about":[{"href":"https:\/\/wgphoto.pl\/t\/index.php?rest_route=\/wp\/v2\/types\/post"}],"author":[{"embeddable":true,"href":"https:\/\/wgphoto.pl\/t\/index.php?rest_route=\/wp\/v2\/users\/1"}],"replies":[{"embeddable":true,"href":"https:\/\/wgphoto.pl\/t\/index.php?rest_route=%2Fwp%2Fv2%2Fcomments&post=20472"}],"version-history":[{"count":1,"href":"https:\/\/wgphoto.pl\/t\/index.php?rest_route=\/wp\/v2\/posts\/20472\/revisions"}],"predecessor-version":[{"id":20474,"href":"https:\/\/wgphoto.pl\/t\/index.php?rest_route=\/wp\/v2\/posts\/20472\/revisions\/20474"}],"wp:featuredmedia":[{"embeddable":true,"href":"https:\/\/wgphoto.pl\/t\/index.php?rest_route=\/wp\/v2\/media\/20473"}],"wp:attachment":[{"href":"https:\/\/wgphoto.pl\/t\/index.php?rest_route=%2Fwp%2Fv2%2Fmedia&parent=20472"}],"wp:term":[{"taxonomy":"category","embeddable":true,"href":"https:\/\/wgphoto.pl\/t\/index.php?rest_route=%2Fwp%2Fv2%2Fcategories&post=20472"},{"taxonomy":"post_tag","embeddable":true,"href":"https:\/\/wgphoto.pl\/t\/index.php?rest_route=%2Fwp%2Fv2%2Ftags&post=20472"}],"curies":[{"name":"wp","href":"https:\/\/api.w.org\/{rel}","templated":true}]}}