{"id":20479,"date":"2025-07-12T12:15:24","date_gmt":"2025-07-12T10:15:24","guid":{"rendered":"https:\/\/wgphoto.pl\/t\/?p=20479"},"modified":"2025-07-12T12:15:24","modified_gmt":"2025-07-12T10:15:24","slug":"pociagiem-do-zdrojow","status":"publish","type":"post","link":"https:\/\/wgphoto.pl\/t\/?p=20479","title":{"rendered":"Poci\u0105giem do zdroj\u00f3w"},"content":{"rendered":"\n<figure class=\"wp-block-image aligncenter size-full\"><img loading=\"lazy\" decoding=\"async\" width=\"1300\" height=\"870\" src=\"https:\/\/wgphoto.pl\/t\/wp-content\/uploads\/2025\/07\/IMGP3060-1.jpg\" alt=\"\" class=\"wp-image-20480\" srcset=\"https:\/\/wgphoto.pl\/t\/wp-content\/uploads\/2025\/07\/IMGP3060-1.jpg 1300w, https:\/\/wgphoto.pl\/t\/wp-content\/uploads\/2025\/07\/IMGP3060-1-300x201.jpg 300w, https:\/\/wgphoto.pl\/t\/wp-content\/uploads\/2025\/07\/IMGP3060-1-768x514.jpg 768w\" sizes=\"auto, (max-width: 1300px) 100vw, 1300px\" \/><\/figure>\n\n\n\n<div class=\"wp-block-group has-global-padding is-layout-constrained wp-block-group-is-layout-constrained\">\n<p>SP32-208 z poci\u0105giem osobowym 311 &#8222;Wilczek&#8221; z Wroc\u0142awia do Kudowy-Zdroju mija wie\u015b Dolina na szlaku Polanica-Zdr\u00f3j &#8211; Duszniki-Zdr\u00f3j. 21.03.2009<\/p>\n<\/div>\n","protected":false},"excerpt":{"rendered":"<p>SP32-208 z poci\u0105giem osobowym 311 &#8222;Wilczek&#8221; z Wroc\u0142awia do Kudowy-Zdroju mija wie\u015b Dolina na szlaku Polanica-Zdr\u00f3j &#8211; Duszniki-Zdr\u00f3j. 21.03.2009<\/p>\n","protected":false},"author":1,"featured_media":20480,"comment_status":"open","ping_status":"","sticky":false,"template":"","format":"standard","meta":{"footnotes":""},"categories":[2,169],"tags":[387,1604,63,27,44,385,2207,383],"class_list":["post-20479","post","type-post","status-publish","format-standard","has-post-thumbnail","hentry","category-kolej","category-rok-2009","tag-2009-03-21","tag-duszniki-zdroj","tag-pkp","tag-polska","tag-snieg","tag-sp32","tag-szczytna","tag-tab-pl230"],"_links":{"self":[{"href":"https:\/\/wgphoto.pl\/t\/index.php?rest_route=\/wp\/v2\/posts\/20479","targetHints":{"allow":["GET"]}}],"collection":[{"href":"https:\/\/wgphoto.pl\/t\/index.php?rest_route=\/wp\/v2\/posts"}],"about":[{"href":"https:\/\/wgphoto.pl\/t\/index.php?rest_route=\/wp\/v2\/types\/post"}],"author":[{"embeddable":true,"href":"https:\/\/wgphoto.pl\/t\/index.php?rest_route=\/wp\/v2\/users\/1"}],"replies":[{"embeddable":true,"href":"https:\/\/wgphoto.pl\/t\/index.php?rest_route=%2Fwp%2Fv2%2Fcomments&post=20479"}],"version-history":[{"count":1,"href":"https:\/\/wgphoto.pl\/t\/index.php?rest_route=\/wp\/v2\/posts\/20479\/revisions"}],"predecessor-version":[{"id":20481,"href":"https:\/\/wgphoto.pl\/t\/index.php?rest_route=\/wp\/v2\/posts\/20479\/revisions\/20481"}],"wp:featuredmedia":[{"embeddable":true,"href":"https:\/\/wgphoto.pl\/t\/index.php?rest_route=\/wp\/v2\/media\/20480"}],"wp:attachment":[{"href":"https:\/\/wgphoto.pl\/t\/index.php?rest_route=%2Fwp%2Fv2%2Fmedia&parent=20479"}],"wp:term":[{"taxonomy":"category","embeddable":true,"href":"https:\/\/wgphoto.pl\/t\/index.php?rest_route=%2Fwp%2Fv2%2Fcategories&post=20479"},{"taxonomy":"post_tag","embeddable":true,"href":"https:\/\/wgphoto.pl\/t\/index.php?rest_route=%2Fwp%2Fv2%2Ftags&post=20479"}],"curies":[{"name":"wp","href":"https:\/\/api.w.org\/{rel}","templated":true}]}}