{"id":20482,"date":"2025-07-12T12:16:13","date_gmt":"2025-07-12T10:16:13","guid":{"rendered":"https:\/\/wgphoto.pl\/t\/?p=20482"},"modified":"2025-07-12T12:16:13","modified_gmt":"2025-07-12T10:16:13","slug":"tramwaj-z-symbolami-miasta","status":"publish","type":"post","link":"https:\/\/wgphoto.pl\/t\/?p=20482","title":{"rendered":"Tramwaj z symbolami miasta"},"content":{"rendered":"\n<figure class=\"wp-block-image aligncenter size-full\"><img loading=\"lazy\" decoding=\"async\" width=\"1300\" height=\"862\" src=\"https:\/\/wgphoto.pl\/t\/wp-content\/uploads\/2025\/07\/0601-18.jpg\" alt=\"\" class=\"wp-image-20483\" srcset=\"https:\/\/wgphoto.pl\/t\/wp-content\/uploads\/2025\/07\/0601-18.jpg 1300w, https:\/\/wgphoto.pl\/t\/wp-content\/uploads\/2025\/07\/0601-18-300x199.jpg 300w, https:\/\/wgphoto.pl\/t\/wp-content\/uploads\/2025\/07\/0601-18-768x509.jpg 768w\" sizes=\"auto, (max-width: 1300px) 100vw, 1300px\" \/><\/figure>\n\n\n\n<div class=\"wp-block-group has-global-padding is-layout-constrained wp-block-group-is-layout-constrained\">\n<p>Wroc\u0142aw, ul. Adama Mickiewicza. Sk\u0142ad 105Na 2528+2527 na objazdowej dziewi\u0105tce mija Hal\u0119 Stulecia wraz z Iglic\u0105. To mia\u0142a by\u0107 poczt\u00f3wka z tramwajem i wspomnianymi symbolami Wroc\u0142awia, na tyle, na ile analogowa sta\u0142ka 50 mm pozwoli\u0142a. 20.01.2006<\/p>\n<\/div>\n","protected":false},"excerpt":{"rendered":"<p>Wroc\u0142aw, ul. Adama Mickiewicza. Sk\u0142ad 105Na 2528+2527 na objazdowej dziewi\u0105tce mija Hal\u0119 Stulecia wraz z Iglic\u0105. To mia\u0142a by\u0107 poczt\u00f3wka z tramwajem i wspomnianymi symbolami Wroc\u0142awia, na tyle, na ile analogowa sta\u0142ka 50 mm pozwoli\u0142a. 20.01.2006<\/p>\n","protected":false},"author":1,"featured_media":20483,"comment_status":"open","ping_status":"","sticky":false,"template":"","format":"standard","meta":{"footnotes":""},"categories":[62,130,3],"tags":[155,4304,42,27,44,41],"class_list":["post-20482","post","type-post","status-publish","format-standard","has-post-thumbnail","hentry","category-analog","category-rok-2006","category-tramwaj","tag-105na","tag-2006-01-20","tag-mpk-wroclaw","tag-polska","tag-snieg","tag-wroclaw"],"_links":{"self":[{"href":"https:\/\/wgphoto.pl\/t\/index.php?rest_route=\/wp\/v2\/posts\/20482","targetHints":{"allow":["GET"]}}],"collection":[{"href":"https:\/\/wgphoto.pl\/t\/index.php?rest_route=\/wp\/v2\/posts"}],"about":[{"href":"https:\/\/wgphoto.pl\/t\/index.php?rest_route=\/wp\/v2\/types\/post"}],"author":[{"embeddable":true,"href":"https:\/\/wgphoto.pl\/t\/index.php?rest_route=\/wp\/v2\/users\/1"}],"replies":[{"embeddable":true,"href":"https:\/\/wgphoto.pl\/t\/index.php?rest_route=%2Fwp%2Fv2%2Fcomments&post=20482"}],"version-history":[{"count":1,"href":"https:\/\/wgphoto.pl\/t\/index.php?rest_route=\/wp\/v2\/posts\/20482\/revisions"}],"predecessor-version":[{"id":20484,"href":"https:\/\/wgphoto.pl\/t\/index.php?rest_route=\/wp\/v2\/posts\/20482\/revisions\/20484"}],"wp:featuredmedia":[{"embeddable":true,"href":"https:\/\/wgphoto.pl\/t\/index.php?rest_route=\/wp\/v2\/media\/20483"}],"wp:attachment":[{"href":"https:\/\/wgphoto.pl\/t\/index.php?rest_route=%2Fwp%2Fv2%2Fmedia&parent=20482"}],"wp:term":[{"taxonomy":"category","embeddable":true,"href":"https:\/\/wgphoto.pl\/t\/index.php?rest_route=%2Fwp%2Fv2%2Fcategories&post=20482"},{"taxonomy":"post_tag","embeddable":true,"href":"https:\/\/wgphoto.pl\/t\/index.php?rest_route=%2Fwp%2Fv2%2Ftags&post=20482"}],"curies":[{"name":"wp","href":"https:\/\/api.w.org\/{rel}","templated":true}]}}