{"id":20485,"date":"2025-07-12T12:17:05","date_gmt":"2025-07-12T10:17:05","guid":{"rendered":"https:\/\/wgphoto.pl\/t\/?p=20485"},"modified":"2025-07-12T12:17:05","modified_gmt":"2025-07-12T10:17:05","slug":"zabraklo-refleksu","status":"publish","type":"post","link":"https:\/\/wgphoto.pl\/t\/?p=20485","title":{"rendered":"Zabrak\u0142o refleksu"},"content":{"rendered":"\n<figure class=\"wp-block-image aligncenter size-full\"><img loading=\"lazy\" decoding=\"async\" width=\"1300\" height=\"861\" src=\"https:\/\/wgphoto.pl\/t\/wp-content\/uploads\/2025\/07\/IMGP9081.jpg\" alt=\"\" class=\"wp-image-20486\" srcset=\"https:\/\/wgphoto.pl\/t\/wp-content\/uploads\/2025\/07\/IMGP9081.jpg 1300w, https:\/\/wgphoto.pl\/t\/wp-content\/uploads\/2025\/07\/IMGP9081-300x199.jpg 300w, https:\/\/wgphoto.pl\/t\/wp-content\/uploads\/2025\/07\/IMGP9081-768x509.jpg 768w\" sizes=\"auto, (max-width: 1300px) 100vw, 1300px\" \/><\/figure>\n\n\n\n<div class=\"wp-block-group has-global-padding is-layout-constrained wp-block-group-is-layout-constrained\">\n<p>Mimo \u017ce \u0141omnica nad Popelk\u0105 nie jest stacj\u0105 w\u0119z\u0142ow\u0105, odbywaj\u0105 si\u0119 tutaj skomunikowania. Przyczyn\u0105 jest zapewne pobliska granica kraj\u00f3w i znacz\u0105co odmienne podej\u015bcie do obs\u0142ugi tras w obu kierunkach. Spotkania poci\u0105g\u00f3w odbywaj\u0105 si\u0119 na jednym torze, przy wsp\u00f3lnej kraw\u0119dzi peronowej. 810.565-2 odjedzie jako kurs 8572 do Starej Paki, a w tle wida\u0107 odjazd wagonu 810.240-2 jako kurs 8517 do M\u0161ena. W kadrze mia\u0142 si\u0119 znale\u017a\u0107 &#8222;odjazd&#8221; podany przez dy\u017curnego ruchu, ale ten nadawany by\u0142 tak kr\u00f3tko, \u017ce a\u017c nie wystarczy\u0142o mi refleksu. 30.12.2014<\/p>\n<\/div>\n","protected":false},"excerpt":{"rendered":"<p>Mimo \u017ce \u0141omnica nad Popelk\u0105 nie jest stacj\u0105 w\u0119z\u0142ow\u0105, odbywaj\u0105 si\u0119 tutaj skomunikowania. Przyczyn\u0105 jest zapewne pobliska granica kraj\u00f3w i znacz\u0105co odmienne podej\u015bcie do obs\u0142ugi tras w obu kierunkach. Spotkania poci\u0105g\u00f3w odbywaj\u0105 si\u0119 na jednym torze, przy wsp\u00f3lnej kraw\u0119dzi peronowej. 810.565-2 odjedzie jako kurs 8572 do Starej Paki, a w tle wida\u0107 odjazd wagonu 810.240-2 [&hellip;]<\/p>\n","protected":false},"author":1,"featured_media":20486,"comment_status":"open","ping_status":"","sticky":false,"template":"","format":"standard","meta":{"footnotes":""},"categories":[2,48],"tags":[1875,92,50,49,313,196,1873,44,1874],"class_list":["post-20485","post","type-post","status-publish","format-standard","has-post-thumbnail","hentry","category-kolej","category-rok-2014","tag-2014-12-30","tag-92","tag-cd","tag-czechy","tag-dyzurny","tag-linie-raczej-lokalne","tag-lomnice-nad-popelkou","tag-snieg","tag-tab-cz064"],"_links":{"self":[{"href":"https:\/\/wgphoto.pl\/t\/index.php?rest_route=\/wp\/v2\/posts\/20485","targetHints":{"allow":["GET"]}}],"collection":[{"href":"https:\/\/wgphoto.pl\/t\/index.php?rest_route=\/wp\/v2\/posts"}],"about":[{"href":"https:\/\/wgphoto.pl\/t\/index.php?rest_route=\/wp\/v2\/types\/post"}],"author":[{"embeddable":true,"href":"https:\/\/wgphoto.pl\/t\/index.php?rest_route=\/wp\/v2\/users\/1"}],"replies":[{"embeddable":true,"href":"https:\/\/wgphoto.pl\/t\/index.php?rest_route=%2Fwp%2Fv2%2Fcomments&post=20485"}],"version-history":[{"count":1,"href":"https:\/\/wgphoto.pl\/t\/index.php?rest_route=\/wp\/v2\/posts\/20485\/revisions"}],"predecessor-version":[{"id":20487,"href":"https:\/\/wgphoto.pl\/t\/index.php?rest_route=\/wp\/v2\/posts\/20485\/revisions\/20487"}],"wp:featuredmedia":[{"embeddable":true,"href":"https:\/\/wgphoto.pl\/t\/index.php?rest_route=\/wp\/v2\/media\/20486"}],"wp:attachment":[{"href":"https:\/\/wgphoto.pl\/t\/index.php?rest_route=%2Fwp%2Fv2%2Fmedia&parent=20485"}],"wp:term":[{"taxonomy":"category","embeddable":true,"href":"https:\/\/wgphoto.pl\/t\/index.php?rest_route=%2Fwp%2Fv2%2Fcategories&post=20485"},{"taxonomy":"post_tag","embeddable":true,"href":"https:\/\/wgphoto.pl\/t\/index.php?rest_route=%2Fwp%2Fv2%2Ftags&post=20485"}],"curies":[{"name":"wp","href":"https:\/\/api.w.org\/{rel}","templated":true}]}}