{"id":20488,"date":"2025-07-12T12:18:04","date_gmt":"2025-07-12T10:18:04","guid":{"rendered":"https:\/\/wgphoto.pl\/t\/?p=20488"},"modified":"2025-07-12T12:18:04","modified_gmt":"2025-07-12T10:18:04","slug":"babcia-3","status":"publish","type":"post","link":"https:\/\/wgphoto.pl\/t\/?p=20488","title":{"rendered":"Babcia"},"content":{"rendered":"\n<figure class=\"wp-block-image aligncenter size-full\"><img loading=\"lazy\" decoding=\"async\" width=\"1300\" height=\"861\" src=\"https:\/\/wgphoto.pl\/t\/wp-content\/uploads\/2025\/07\/0309-21_rsn.jpg\" alt=\"\" class=\"wp-image-20489\" srcset=\"https:\/\/wgphoto.pl\/t\/wp-content\/uploads\/2025\/07\/0309-21_rsn.jpg 1300w, https:\/\/wgphoto.pl\/t\/wp-content\/uploads\/2025\/07\/0309-21_rsn-300x199.jpg 300w, https:\/\/wgphoto.pl\/t\/wp-content\/uploads\/2025\/07\/0309-21_rsn-768x509.jpg 768w\" sizes=\"auto, (max-width: 1300px) 100vw, 1300px\" \/><\/figure>\n\n\n\n<div class=\"wp-block-group has-global-padding is-layout-constrained wp-block-group-is-layout-constrained\">\n<p>EU07-011 z poci\u0105giem pospiesznym &#8222;Sudety&#8221; z Jeleniej G\u00f3ry, Kudowy-Zdroju i Stronia \u015al\u0105skiego do Warszawy Wschodniej podczas \u0142\u0105czenia grup wagon\u00f3w we Wrocawiu G\u0142\u00f3wnym. 10.04.2003<\/p>\n<\/div>\n","protected":false},"excerpt":{"rendered":"<p>EU07-011 z poci\u0105giem pospiesznym &#8222;Sudety&#8221; z Jeleniej G\u00f3ry, Kudowy-Zdroju i Stronia \u015al\u0105skiego do Warszawy Wschodniej podczas \u0142\u0105czenia grup wagon\u00f3w we Wrocawiu G\u0142\u00f3wnym. 10.04.2003<\/p>\n","protected":false},"author":1,"featured_media":20489,"comment_status":"open","ping_status":"","sticky":false,"template":"","format":"standard","meta":{"footnotes":""},"categories":[62,2,149],"tags":[4305,122,179,63,27,41,180],"class_list":["post-20488","post","type-post","status-publish","format-standard","has-post-thumbnail","hentry","category-analog","category-kolej","category-rok-2003","tag-2003-04-10","tag-eu07","tag-hala-peronowa","tag-pkp","tag-polska","tag-wroclaw","tag-wroclaw-glowny"],"_links":{"self":[{"href":"https:\/\/wgphoto.pl\/t\/index.php?rest_route=\/wp\/v2\/posts\/20488","targetHints":{"allow":["GET"]}}],"collection":[{"href":"https:\/\/wgphoto.pl\/t\/index.php?rest_route=\/wp\/v2\/posts"}],"about":[{"href":"https:\/\/wgphoto.pl\/t\/index.php?rest_route=\/wp\/v2\/types\/post"}],"author":[{"embeddable":true,"href":"https:\/\/wgphoto.pl\/t\/index.php?rest_route=\/wp\/v2\/users\/1"}],"replies":[{"embeddable":true,"href":"https:\/\/wgphoto.pl\/t\/index.php?rest_route=%2Fwp%2Fv2%2Fcomments&post=20488"}],"version-history":[{"count":1,"href":"https:\/\/wgphoto.pl\/t\/index.php?rest_route=\/wp\/v2\/posts\/20488\/revisions"}],"predecessor-version":[{"id":20490,"href":"https:\/\/wgphoto.pl\/t\/index.php?rest_route=\/wp\/v2\/posts\/20488\/revisions\/20490"}],"wp:featuredmedia":[{"embeddable":true,"href":"https:\/\/wgphoto.pl\/t\/index.php?rest_route=\/wp\/v2\/media\/20489"}],"wp:attachment":[{"href":"https:\/\/wgphoto.pl\/t\/index.php?rest_route=%2Fwp%2Fv2%2Fmedia&parent=20488"}],"wp:term":[{"taxonomy":"category","embeddable":true,"href":"https:\/\/wgphoto.pl\/t\/index.php?rest_route=%2Fwp%2Fv2%2Fcategories&post=20488"},{"taxonomy":"post_tag","embeddable":true,"href":"https:\/\/wgphoto.pl\/t\/index.php?rest_route=%2Fwp%2Fv2%2Ftags&post=20488"}],"curies":[{"name":"wp","href":"https:\/\/api.w.org\/{rel}","templated":true}]}}