{"id":20491,"date":"2025-07-12T12:18:58","date_gmt":"2025-07-12T10:18:58","guid":{"rendered":"https:\/\/wgphoto.pl\/t\/?p=20491"},"modified":"2025-07-12T12:18:58","modified_gmt":"2025-07-12T10:18:58","slug":"30-km-h-na-bok","status":"publish","type":"post","link":"https:\/\/wgphoto.pl\/t\/?p=20491","title":{"rendered":"30 km\/h na bok"},"content":{"rendered":"\n<figure class=\"wp-block-image aligncenter size-full\"><img loading=\"lazy\" decoding=\"async\" width=\"1300\" height=\"867\" src=\"https:\/\/wgphoto.pl\/t\/wp-content\/uploads\/2025\/07\/0501-20_rsn.jpg\" alt=\"\" class=\"wp-image-20492\" srcset=\"https:\/\/wgphoto.pl\/t\/wp-content\/uploads\/2025\/07\/0501-20_rsn.jpg 1300w, https:\/\/wgphoto.pl\/t\/wp-content\/uploads\/2025\/07\/0501-20_rsn-300x200.jpg 300w, https:\/\/wgphoto.pl\/t\/wp-content\/uploads\/2025\/07\/0501-20_rsn-768x512.jpg 768w\" sizes=\"auto, (max-width: 1300px) 100vw, 1300px\" \/><\/figure>\n\n\n\n<div class=\"wp-block-group has-global-padding is-layout-constrained wp-block-group-is-layout-constrained\">\n<p>Tatra KT4DC 311 zbli\u017ca si\u0119 do rozwidlenia tras na osiedlu K\u00f6nigshufen w G\u00f6rlitz. Takie ma\u0142e miasto i taka\u017c sie\u0107, za to skrzy\u017cowanie porz\u0105dne jak na jakim\u015b szybkim tramwaju. Po drugiej stronie granicy takie pr\u0119dko\u015bci na rozjazdach tramwajowych s\u0105 nieosi\u0105galne. 22.01.2005<\/p>\n<\/div>\n","protected":false},"excerpt":{"rendered":"<p>Tatra KT4DC 311 zbli\u017ca si\u0119 do rozwidlenia tras na osiedlu K\u00f6nigshufen w G\u00f6rlitz. Takie ma\u0142e miasto i taka\u017c sie\u0107, za to skrzy\u017cowanie porz\u0105dne jak na jakim\u015b szybkim tramwaju. Po drugiej stronie granicy takie pr\u0119dko\u015bci na rozjazdach tramwajowych s\u0105 nieosi\u0105galne. 22.01.2005<\/p>\n","protected":false},"author":1,"featured_media":20492,"comment_status":"open","ping_status":"","sticky":false,"template":"","format":"standard","meta":{"footnotes":""},"categories":[62,311,3],"tags":[4306,31,23,44,33,129],"class_list":["post-20491","post","type-post","status-publish","format-standard","has-post-thumbnail","hentry","category-analog","category-rok-2005","category-tramwaj","tag-2005-01-22","tag-gorlitz","tag-niemcy","tag-snieg","tag-tatra-kt4","tag-vgg-gorlitz"],"_links":{"self":[{"href":"https:\/\/wgphoto.pl\/t\/index.php?rest_route=\/wp\/v2\/posts\/20491","targetHints":{"allow":["GET"]}}],"collection":[{"href":"https:\/\/wgphoto.pl\/t\/index.php?rest_route=\/wp\/v2\/posts"}],"about":[{"href":"https:\/\/wgphoto.pl\/t\/index.php?rest_route=\/wp\/v2\/types\/post"}],"author":[{"embeddable":true,"href":"https:\/\/wgphoto.pl\/t\/index.php?rest_route=\/wp\/v2\/users\/1"}],"replies":[{"embeddable":true,"href":"https:\/\/wgphoto.pl\/t\/index.php?rest_route=%2Fwp%2Fv2%2Fcomments&post=20491"}],"version-history":[{"count":1,"href":"https:\/\/wgphoto.pl\/t\/index.php?rest_route=\/wp\/v2\/posts\/20491\/revisions"}],"predecessor-version":[{"id":20493,"href":"https:\/\/wgphoto.pl\/t\/index.php?rest_route=\/wp\/v2\/posts\/20491\/revisions\/20493"}],"wp:featuredmedia":[{"embeddable":true,"href":"https:\/\/wgphoto.pl\/t\/index.php?rest_route=\/wp\/v2\/media\/20492"}],"wp:attachment":[{"href":"https:\/\/wgphoto.pl\/t\/index.php?rest_route=%2Fwp%2Fv2%2Fmedia&parent=20491"}],"wp:term":[{"taxonomy":"category","embeddable":true,"href":"https:\/\/wgphoto.pl\/t\/index.php?rest_route=%2Fwp%2Fv2%2Fcategories&post=20491"},{"taxonomy":"post_tag","embeddable":true,"href":"https:\/\/wgphoto.pl\/t\/index.php?rest_route=%2Fwp%2Fv2%2Ftags&post=20491"}],"curies":[{"name":"wp","href":"https:\/\/api.w.org\/{rel}","templated":true}]}}