{"id":205,"date":"2024-09-28T17:50:35","date_gmt":"2024-09-28T15:50:35","guid":{"rendered":"https:\/\/wgphoto.pl\/t\/?p=205"},"modified":"2025-07-16T00:03:27","modified_gmt":"2025-07-15T22:03:27","slug":"nie-ta-zajezdnia","status":"publish","type":"post","link":"https:\/\/wgphoto.pl\/t\/?p=205","title":{"rendered":"Nie ta zajezdnia"},"content":{"rendered":"\n<figure class=\"wp-block-image aligncenter size-full\"><img loading=\"lazy\" decoding=\"async\" width=\"1300\" height=\"862\" src=\"https:\/\/wgphoto.pl\/t\/wp-content\/uploads\/0426-06.jpg\" alt=\"\" class=\"wp-image-206\" srcset=\"https:\/\/wgphoto.pl\/t\/wp-content\/uploads\/0426-06.jpg 1300w, https:\/\/wgphoto.pl\/t\/wp-content\/uploads\/0426-06-300x199.jpg 300w, https:\/\/wgphoto.pl\/t\/wp-content\/uploads\/0426-06-768x509.jpg 768w\" sizes=\"auto, (max-width: 1300px) 100vw, 1300px\" \/><\/figure>\n\n\n\n<p class=\"has-text-align-center\">Wroc\u0142aw, ul. S\u0142owia\u0144ska. 102Na 2055 zje\u017cd\u017ca, zapewne po awarii lub kolizji, do zajezdni O\u0142bin. [22.09.2004]<\/p>\n","protected":false},"excerpt":{"rendered":"<p>Wroc\u0142aw, ul. S\u0142owia\u0144ska. 102Na 2055 zje\u017cd\u017ca, zapewne po awarii lub kolizji, do zajezdni O\u0142bin. [22.09.2004]<\/p>\n","protected":false},"author":1,"featured_media":206,"comment_status":"open","ping_status":"","sticky":false,"template":"","format":"standard","meta":{"footnotes":""},"categories":[62,61,3],"tags":[69,34,309,42,70,27,41],"class_list":["post-205","post","type-post","status-publish","format-standard","has-post-thumbnail","hentry","category-analog","category-rok-2004","category-tramwaj","tag-2004-09-22","tag-architektura","tag-konstal-102na","tag-mpk-wroclaw","tag-nadodrze","tag-polska","tag-wroclaw"],"_links":{"self":[{"href":"https:\/\/wgphoto.pl\/t\/index.php?rest_route=\/wp\/v2\/posts\/205","targetHints":{"allow":["GET"]}}],"collection":[{"href":"https:\/\/wgphoto.pl\/t\/index.php?rest_route=\/wp\/v2\/posts"}],"about":[{"href":"https:\/\/wgphoto.pl\/t\/index.php?rest_route=\/wp\/v2\/types\/post"}],"author":[{"embeddable":true,"href":"https:\/\/wgphoto.pl\/t\/index.php?rest_route=\/wp\/v2\/users\/1"}],"replies":[{"embeddable":true,"href":"https:\/\/wgphoto.pl\/t\/index.php?rest_route=%2Fwp%2Fv2%2Fcomments&post=205"}],"version-history":[{"count":1,"href":"https:\/\/wgphoto.pl\/t\/index.php?rest_route=\/wp\/v2\/posts\/205\/revisions"}],"predecessor-version":[{"id":207,"href":"https:\/\/wgphoto.pl\/t\/index.php?rest_route=\/wp\/v2\/posts\/205\/revisions\/207"}],"wp:featuredmedia":[{"embeddable":true,"href":"https:\/\/wgphoto.pl\/t\/index.php?rest_route=\/wp\/v2\/media\/206"}],"wp:attachment":[{"href":"https:\/\/wgphoto.pl\/t\/index.php?rest_route=%2Fwp%2Fv2%2Fmedia&parent=205"}],"wp:term":[{"taxonomy":"category","embeddable":true,"href":"https:\/\/wgphoto.pl\/t\/index.php?rest_route=%2Fwp%2Fv2%2Fcategories&post=205"},{"taxonomy":"post_tag","embeddable":true,"href":"https:\/\/wgphoto.pl\/t\/index.php?rest_route=%2Fwp%2Fv2%2Ftags&post=205"}],"curies":[{"name":"wp","href":"https:\/\/api.w.org\/{rel}","templated":true}]}}