{"id":20503,"date":"2025-07-12T12:22:55","date_gmt":"2025-07-12T10:22:55","guid":{"rendered":"https:\/\/wgphoto.pl\/t\/?p=20503"},"modified":"2025-07-12T12:22:55","modified_gmt":"2025-07-12T10:22:55","slug":"troche-sie-tu-zmienilo","status":"publish","type":"post","link":"https:\/\/wgphoto.pl\/t\/?p=20503","title":{"rendered":"Troch\u0119 si\u0119 tu zmieni\u0142o"},"content":{"rendered":"\n<figure class=\"wp-block-image aligncenter size-full\"><img loading=\"lazy\" decoding=\"async\" width=\"1300\" height=\"867\" src=\"https:\/\/wgphoto.pl\/t\/wp-content\/uploads\/2025\/07\/2001b-30_rsn.jpg\" alt=\"\" class=\"wp-image-20504\" srcset=\"https:\/\/wgphoto.pl\/t\/wp-content\/uploads\/2025\/07\/2001b-30_rsn.jpg 1300w, https:\/\/wgphoto.pl\/t\/wp-content\/uploads\/2025\/07\/2001b-30_rsn-300x200.jpg 300w, https:\/\/wgphoto.pl\/t\/wp-content\/uploads\/2025\/07\/2001b-30_rsn-768x512.jpg 768w\" sizes=\"auto, (max-width: 1300px) 100vw, 1300px\" \/><\/figure>\n\n\n\n<div class=\"wp-block-group has-global-padding is-layout-constrained wp-block-group-is-layout-constrained\">\n<p>Sk\u0142ad 105Na 2532+2531 min\u0105\u0142 wiadukt nad lini\u0105 kolejow\u0105 mi\u0119dzy Gliniankami a Pilczycami we Wroc\u0142awiu. Dzisiaj w tym miejscu znajduje si\u0119 przystanek <em>Stadion Wroc\u0142aw (Lotnicza)<\/em>. 27.01.2001<\/p>\n<\/div>\n","protected":false},"excerpt":{"rendered":"<p>Sk\u0142ad 105Na 2532+2531 min\u0105\u0142 wiadukt nad lini\u0105 kolejow\u0105 mi\u0119dzy Gliniankami a Pilczycami we Wroc\u0142awiu. Dzisiaj w tym miejscu znajduje si\u0119 przystanek Stadion Wroc\u0142aw (Lotnicza). 27.01.2001<\/p>\n","protected":false},"author":1,"featured_media":20504,"comment_status":"open","ping_status":"","sticky":false,"template":"","format":"standard","meta":{"footnotes":""},"categories":[62,940,3],"tags":[155,4309,42,27,41],"class_list":["post-20503","post","type-post","status-publish","format-standard","has-post-thumbnail","hentry","category-analog","category-rok-2001","category-tramwaj","tag-105na","tag-2001-01-27","tag-mpk-wroclaw","tag-polska","tag-wroclaw"],"_links":{"self":[{"href":"https:\/\/wgphoto.pl\/t\/index.php?rest_route=\/wp\/v2\/posts\/20503","targetHints":{"allow":["GET"]}}],"collection":[{"href":"https:\/\/wgphoto.pl\/t\/index.php?rest_route=\/wp\/v2\/posts"}],"about":[{"href":"https:\/\/wgphoto.pl\/t\/index.php?rest_route=\/wp\/v2\/types\/post"}],"author":[{"embeddable":true,"href":"https:\/\/wgphoto.pl\/t\/index.php?rest_route=\/wp\/v2\/users\/1"}],"replies":[{"embeddable":true,"href":"https:\/\/wgphoto.pl\/t\/index.php?rest_route=%2Fwp%2Fv2%2Fcomments&post=20503"}],"version-history":[{"count":1,"href":"https:\/\/wgphoto.pl\/t\/index.php?rest_route=\/wp\/v2\/posts\/20503\/revisions"}],"predecessor-version":[{"id":20505,"href":"https:\/\/wgphoto.pl\/t\/index.php?rest_route=\/wp\/v2\/posts\/20503\/revisions\/20505"}],"wp:featuredmedia":[{"embeddable":true,"href":"https:\/\/wgphoto.pl\/t\/index.php?rest_route=\/wp\/v2\/media\/20504"}],"wp:attachment":[{"href":"https:\/\/wgphoto.pl\/t\/index.php?rest_route=%2Fwp%2Fv2%2Fmedia&parent=20503"}],"wp:term":[{"taxonomy":"category","embeddable":true,"href":"https:\/\/wgphoto.pl\/t\/index.php?rest_route=%2Fwp%2Fv2%2Fcategories&post=20503"},{"taxonomy":"post_tag","embeddable":true,"href":"https:\/\/wgphoto.pl\/t\/index.php?rest_route=%2Fwp%2Fv2%2Ftags&post=20503"}],"curies":[{"name":"wp","href":"https:\/\/api.w.org\/{rel}","templated":true}]}}