{"id":20534,"date":"2025-07-12T12:32:17","date_gmt":"2025-07-12T10:32:17","guid":{"rendered":"https:\/\/wgphoto.pl\/t\/?p=20534"},"modified":"2025-07-12T12:32:17","modified_gmt":"2025-07-12T10:32:17","slug":"zeroweczka-na-nadodrzu","status":"publish","type":"post","link":"https:\/\/wgphoto.pl\/t\/?p=20534","title":{"rendered":"Zer\u00f3weczka na Nadodrzu"},"content":{"rendered":"\n<figure class=\"wp-block-image aligncenter size-full\"><img loading=\"lazy\" decoding=\"async\" width=\"1300\" height=\"861\" src=\"https:\/\/wgphoto.pl\/t\/wp-content\/uploads\/2025\/07\/0502-16_rsn.jpg\" alt=\"\" class=\"wp-image-20535\" srcset=\"https:\/\/wgphoto.pl\/t\/wp-content\/uploads\/2025\/07\/0502-16_rsn.jpg 1300w, https:\/\/wgphoto.pl\/t\/wp-content\/uploads\/2025\/07\/0502-16_rsn-300x199.jpg 300w, https:\/\/wgphoto.pl\/t\/wp-content\/uploads\/2025\/07\/0502-16_rsn-768x509.jpg 768w\" sizes=\"auto, (max-width: 1300px) 100vw, 1300px\" \/><\/figure>\n\n\n\n<div class=\"wp-block-group has-global-padding is-layout-constrained wp-block-group-is-layout-constrained\">\n<p>Wroc\u0142aw, pl. Powsta\u0144c\u00f3w Wielkopolskich. Gdy pierwszy wagon dojedzie do dolnej kraw\u0119dzi kadru, sk\u0142ad 105NWr 2274+2275 zatrzyma si\u0119 na przystanku, gdzie motorniczy nie b\u0119dzie widzia\u0142 w lustrze doczepy. 30.01.2005<\/p>\n<\/div>\n","protected":false},"excerpt":{"rendered":"<p>Wroc\u0142aw, pl. Powsta\u0144c\u00f3w Wielkopolskich. Gdy pierwszy wagon dojedzie do dolnej kraw\u0119dzi kadru, sk\u0142ad 105NWr 2274+2275 zatrzyma si\u0119 na przystanku, gdzie motorniczy nie b\u0119dzie widzia\u0142 w lustrze doczepy. 30.01.2005<\/p>\n","protected":false},"author":1,"featured_media":20535,"comment_status":"open","ping_status":"","sticky":false,"template":"","format":"standard","meta":{"footnotes":""},"categories":[62,311,3],"tags":[43,4312,42,27,41],"class_list":["post-20534","post","type-post","status-publish","format-standard","has-post-thumbnail","hentry","category-analog","category-rok-2005","category-tramwaj","tag-105nwr","tag-2005-01-30","tag-mpk-wroclaw","tag-polska","tag-wroclaw"],"_links":{"self":[{"href":"https:\/\/wgphoto.pl\/t\/index.php?rest_route=\/wp\/v2\/posts\/20534","targetHints":{"allow":["GET"]}}],"collection":[{"href":"https:\/\/wgphoto.pl\/t\/index.php?rest_route=\/wp\/v2\/posts"}],"about":[{"href":"https:\/\/wgphoto.pl\/t\/index.php?rest_route=\/wp\/v2\/types\/post"}],"author":[{"embeddable":true,"href":"https:\/\/wgphoto.pl\/t\/index.php?rest_route=\/wp\/v2\/users\/1"}],"replies":[{"embeddable":true,"href":"https:\/\/wgphoto.pl\/t\/index.php?rest_route=%2Fwp%2Fv2%2Fcomments&post=20534"}],"version-history":[{"count":1,"href":"https:\/\/wgphoto.pl\/t\/index.php?rest_route=\/wp\/v2\/posts\/20534\/revisions"}],"predecessor-version":[{"id":20536,"href":"https:\/\/wgphoto.pl\/t\/index.php?rest_route=\/wp\/v2\/posts\/20534\/revisions\/20536"}],"wp:featuredmedia":[{"embeddable":true,"href":"https:\/\/wgphoto.pl\/t\/index.php?rest_route=\/wp\/v2\/media\/20535"}],"wp:attachment":[{"href":"https:\/\/wgphoto.pl\/t\/index.php?rest_route=%2Fwp%2Fv2%2Fmedia&parent=20534"}],"wp:term":[{"taxonomy":"category","embeddable":true,"href":"https:\/\/wgphoto.pl\/t\/index.php?rest_route=%2Fwp%2Fv2%2Fcategories&post=20534"},{"taxonomy":"post_tag","embeddable":true,"href":"https:\/\/wgphoto.pl\/t\/index.php?rest_route=%2Fwp%2Fv2%2Ftags&post=20534"}],"curies":[{"name":"wp","href":"https:\/\/api.w.org\/{rel}","templated":true}]}}