{"id":20543,"date":"2025-07-12T12:35:01","date_gmt":"2025-07-12T10:35:01","guid":{"rendered":"https:\/\/wgphoto.pl\/t\/?p=20543"},"modified":"2025-07-12T12:35:01","modified_gmt":"2025-07-12T10:35:01","slug":"tramwaj-i-za-tramwaj","status":"publish","type":"post","link":"https:\/\/wgphoto.pl\/t\/?p=20543","title":{"rendered":"Tramwaj i &#8222;za tramwaj&#8221;"},"content":{"rendered":"\n<figure class=\"wp-block-image aligncenter size-full\"><img loading=\"lazy\" decoding=\"async\" width=\"1300\" height=\"813\" src=\"https:\/\/wgphoto.pl\/t\/wp-content\/uploads\/2025\/07\/IMGP7795-1.jpg\" alt=\"\" class=\"wp-image-20544\" srcset=\"https:\/\/wgphoto.pl\/t\/wp-content\/uploads\/2025\/07\/IMGP7795-1.jpg 1300w, https:\/\/wgphoto.pl\/t\/wp-content\/uploads\/2025\/07\/IMGP7795-1-300x188.jpg 300w, https:\/\/wgphoto.pl\/t\/wp-content\/uploads\/2025\/07\/IMGP7795-1-768x480.jpg 768w\" sizes=\"auto, (max-width: 1300px) 100vw, 1300px\" \/><\/figure>\n\n\n\n<div class=\"wp-block-group has-global-padding is-layout-constrained wp-block-group-is-layout-constrained\">\n<p>Mediolan, Piazzale Stazione Genova, p\u0119tla Porta Genova. Wagon 4732 sko\u0144czy\u0142 w\u0142a\u015bnie kurs linii 2, w dalsz\u0105 drog\u0119 pasa\u017cerowie pojad\u0105 autobusem. Wyj\u0105tkowo poprawne oznakowanie i wygodna przesiadka jak na W\u0142ochy. 04.11.2014<\/p>\n<\/div>\n","protected":false},"excerpt":{"rendered":"<p>Mediolan, Piazzale Stazione Genova, p\u0119tla Porta Genova. Wagon 4732 sko\u0144czy\u0142 w\u0142a\u015bnie kurs linii 2, w dalsz\u0105 drog\u0119 pasa\u017cerowie pojad\u0105 autobusem. Wyj\u0105tkowo poprawne oznakowanie i wygodna przesiadka jak na W\u0142ochy. 04.11.2014<\/p>\n","protected":false},"author":1,"featured_media":20544,"comment_status":"open","ping_status":"","sticky":false,"template":"","format":"standard","meta":{"footnotes":""},"categories":[48,3],"tags":[2818,834,898,2997,835,110],"class_list":["post-20543","post","type-post","status-publish","format-standard","has-post-thumbnail","hentry","category-rok-2014","category-tramwaj","tag-2014-11-04","tag-atm-milano","tag-autobus","tag-breda-m6","tag-mediolan","tag-wlochy"],"_links":{"self":[{"href":"https:\/\/wgphoto.pl\/t\/index.php?rest_route=\/wp\/v2\/posts\/20543","targetHints":{"allow":["GET"]}}],"collection":[{"href":"https:\/\/wgphoto.pl\/t\/index.php?rest_route=\/wp\/v2\/posts"}],"about":[{"href":"https:\/\/wgphoto.pl\/t\/index.php?rest_route=\/wp\/v2\/types\/post"}],"author":[{"embeddable":true,"href":"https:\/\/wgphoto.pl\/t\/index.php?rest_route=\/wp\/v2\/users\/1"}],"replies":[{"embeddable":true,"href":"https:\/\/wgphoto.pl\/t\/index.php?rest_route=%2Fwp%2Fv2%2Fcomments&post=20543"}],"version-history":[{"count":1,"href":"https:\/\/wgphoto.pl\/t\/index.php?rest_route=\/wp\/v2\/posts\/20543\/revisions"}],"predecessor-version":[{"id":20545,"href":"https:\/\/wgphoto.pl\/t\/index.php?rest_route=\/wp\/v2\/posts\/20543\/revisions\/20545"}],"wp:featuredmedia":[{"embeddable":true,"href":"https:\/\/wgphoto.pl\/t\/index.php?rest_route=\/wp\/v2\/media\/20544"}],"wp:attachment":[{"href":"https:\/\/wgphoto.pl\/t\/index.php?rest_route=%2Fwp%2Fv2%2Fmedia&parent=20543"}],"wp:term":[{"taxonomy":"category","embeddable":true,"href":"https:\/\/wgphoto.pl\/t\/index.php?rest_route=%2Fwp%2Fv2%2Fcategories&post=20543"},{"taxonomy":"post_tag","embeddable":true,"href":"https:\/\/wgphoto.pl\/t\/index.php?rest_route=%2Fwp%2Fv2%2Ftags&post=20543"}],"curies":[{"name":"wp","href":"https:\/\/api.w.org\/{rel}","templated":true}]}}