{"id":20546,"date":"2025-07-12T12:35:52","date_gmt":"2025-07-12T10:35:52","guid":{"rendered":"https:\/\/wgphoto.pl\/t\/?p=20546"},"modified":"2025-07-12T12:35:52","modified_gmt":"2025-07-12T10:35:52","slug":"wasko-2","status":"publish","type":"post","link":"https:\/\/wgphoto.pl\/t\/?p=20546","title":{"rendered":"W\u0105sko"},"content":{"rendered":"\n<figure class=\"wp-block-image aligncenter size-full\"><img loading=\"lazy\" decoding=\"async\" width=\"1300\" height=\"861\" src=\"https:\/\/wgphoto.pl\/t\/wp-content\/uploads\/2025\/07\/IMGP6155-1.jpg\" alt=\"\" class=\"wp-image-20547\" srcset=\"https:\/\/wgphoto.pl\/t\/wp-content\/uploads\/2025\/07\/IMGP6155-1.jpg 1300w, https:\/\/wgphoto.pl\/t\/wp-content\/uploads\/2025\/07\/IMGP6155-1-300x199.jpg 300w, https:\/\/wgphoto.pl\/t\/wp-content\/uploads\/2025\/07\/IMGP6155-1-768x509.jpg 768w\" sizes=\"auto, (max-width: 1300px) 100vw, 1300px\" \/><\/figure>\n\n\n\n<div class=\"wp-block-group has-global-padding is-layout-constrained wp-block-group-is-layout-constrained\">\n<p>Lizbona, Rua Poiais de S\u00e3o Bento, wagon nr 575 na w\u0105skiej, jednokierunkowej ulicy. W drugim kierunku tramwaje przeje\u017cd\u017caj\u0105 s\u0105siedni\u0105 ulic\u0105. 18.02.2018<\/p>\n<\/div>\n","protected":false},"excerpt":{"rendered":"<p>Lizbona, Rua Poiais de S\u00e3o Bento, wagon nr 575 na w\u0105skiej, jednokierunkowej ulicy. W drugim kierunku tramwaje przeje\u017cd\u017caj\u0105 s\u0105siedni\u0105 ulic\u0105. 18.02.2018<\/p>\n","protected":false},"author":1,"featured_media":20547,"comment_status":"open","ping_status":"","sticky":false,"template":"","format":"standard","meta":{"footnotes":""},"categories":[156,3],"tags":[1920,299,298,297,588],"class_list":["post-20546","post","type-post","status-publish","format-standard","has-post-thumbnail","hentry","category-rok-2018","category-tramwaj","tag-2018-02-18","tag-carris-lisboa","tag-lizbona","tag-portugalia","tag-remodelado"],"_links":{"self":[{"href":"https:\/\/wgphoto.pl\/t\/index.php?rest_route=\/wp\/v2\/posts\/20546","targetHints":{"allow":["GET"]}}],"collection":[{"href":"https:\/\/wgphoto.pl\/t\/index.php?rest_route=\/wp\/v2\/posts"}],"about":[{"href":"https:\/\/wgphoto.pl\/t\/index.php?rest_route=\/wp\/v2\/types\/post"}],"author":[{"embeddable":true,"href":"https:\/\/wgphoto.pl\/t\/index.php?rest_route=\/wp\/v2\/users\/1"}],"replies":[{"embeddable":true,"href":"https:\/\/wgphoto.pl\/t\/index.php?rest_route=%2Fwp%2Fv2%2Fcomments&post=20546"}],"version-history":[{"count":1,"href":"https:\/\/wgphoto.pl\/t\/index.php?rest_route=\/wp\/v2\/posts\/20546\/revisions"}],"predecessor-version":[{"id":20548,"href":"https:\/\/wgphoto.pl\/t\/index.php?rest_route=\/wp\/v2\/posts\/20546\/revisions\/20548"}],"wp:featuredmedia":[{"embeddable":true,"href":"https:\/\/wgphoto.pl\/t\/index.php?rest_route=\/wp\/v2\/media\/20547"}],"wp:attachment":[{"href":"https:\/\/wgphoto.pl\/t\/index.php?rest_route=%2Fwp%2Fv2%2Fmedia&parent=20546"}],"wp:term":[{"taxonomy":"category","embeddable":true,"href":"https:\/\/wgphoto.pl\/t\/index.php?rest_route=%2Fwp%2Fv2%2Fcategories&post=20546"},{"taxonomy":"post_tag","embeddable":true,"href":"https:\/\/wgphoto.pl\/t\/index.php?rest_route=%2Fwp%2Fv2%2Ftags&post=20546"}],"curies":[{"name":"wp","href":"https:\/\/api.w.org\/{rel}","templated":true}]}}