{"id":20557,"date":"2025-07-13T19:32:42","date_gmt":"2025-07-13T17:32:42","guid":{"rendered":"https:\/\/wgphoto.pl\/t\/?p=20557"},"modified":"2025-07-13T19:32:42","modified_gmt":"2025-07-13T17:32:42","slug":"mila-odmiana","status":"publish","type":"post","link":"https:\/\/wgphoto.pl\/t\/?p=20557","title":{"rendered":"Mi\u0142a odmiana"},"content":{"rendered":"\n<figure class=\"wp-block-image aligncenter size-full\"><img loading=\"lazy\" decoding=\"async\" width=\"1300\" height=\"861\" src=\"https:\/\/wgphoto.pl\/t\/wp-content\/uploads\/2025\/07\/0502-20_rsn.jpg\" alt=\"\" class=\"wp-image-20558\" srcset=\"https:\/\/wgphoto.pl\/t\/wp-content\/uploads\/2025\/07\/0502-20_rsn.jpg 1300w, https:\/\/wgphoto.pl\/t\/wp-content\/uploads\/2025\/07\/0502-20_rsn-300x199.jpg 300w, https:\/\/wgphoto.pl\/t\/wp-content\/uploads\/2025\/07\/0502-20_rsn-768x509.jpg 768w\" sizes=\"auto, (max-width: 1300px) 100vw, 1300px\" \/><\/figure>\n\n\n\n<div class=\"wp-block-group has-global-padding is-layout-constrained wp-block-group-is-layout-constrained\">\n<p>EU07-069 z CM Warszawa prowadzi poci\u0105g pospieszny 61100 &#8222;Sudety&#8221; z Jeleniej G\u00f3ry do Warszawy Wschodniej na szlaku Marcisz\u00f3w &#8211; S\u0119dzis\u0142aw. Niespodzianka polega\u0142a na tym, \u017ce planowo wszystkie poci\u0105gi, z wyj\u0105tkiem nocnych sezon\u00f3w, obs\u0142ugiwa\u0142y nudne, obfotografowane ju\u017c dawno wroc\u0142awskie si\u00f3demki, warszawska by\u0142a wi\u0119c mi\u0142\u0105 odmian\u0105, a mo\u017ce i nowym numerkiem w zbiorach. 01.02.2005<\/p>\n<\/div>\n","protected":false},"excerpt":{"rendered":"<p>EU07-069 z CM Warszawa prowadzi poci\u0105g pospieszny 61100 &#8222;Sudety&#8221; z Jeleniej G\u00f3ry do Warszawy Wschodniej na szlaku Marcisz\u00f3w &#8211; S\u0119dzis\u0142aw. Niespodzianka polega\u0142a na tym, \u017ce planowo wszystkie poci\u0105gi, z wyj\u0105tkiem nocnych sezon\u00f3w, obs\u0142ugiwa\u0142y nudne, obfotografowane ju\u017c dawno wroc\u0142awskie si\u00f3demki, warszawska by\u0142a wi\u0119c mi\u0142\u0105 odmian\u0105, a mo\u017ce i nowym numerkiem w zbiorach. 01.02.2005<\/p>\n","protected":false},"author":1,"featured_media":20558,"comment_status":"open","ping_status":"","sticky":false,"template":"","format":"standard","meta":{"footnotes":""},"categories":[62,2,311],"tags":[4313,122,114,83,63,27,1061,44],"class_list":["post-20557","post","type-post","status-publish","format-standard","has-post-thumbnail","hentry","category-analog","category-kolej","category-rok-2005","tag-2005-02-01","tag-eu07","tag-gory","tag-marciszow","tag-pkp","tag-polska","tag-sedzislaw","tag-snieg"],"_links":{"self":[{"href":"https:\/\/wgphoto.pl\/t\/index.php?rest_route=\/wp\/v2\/posts\/20557","targetHints":{"allow":["GET"]}}],"collection":[{"href":"https:\/\/wgphoto.pl\/t\/index.php?rest_route=\/wp\/v2\/posts"}],"about":[{"href":"https:\/\/wgphoto.pl\/t\/index.php?rest_route=\/wp\/v2\/types\/post"}],"author":[{"embeddable":true,"href":"https:\/\/wgphoto.pl\/t\/index.php?rest_route=\/wp\/v2\/users\/1"}],"replies":[{"embeddable":true,"href":"https:\/\/wgphoto.pl\/t\/index.php?rest_route=%2Fwp%2Fv2%2Fcomments&post=20557"}],"version-history":[{"count":1,"href":"https:\/\/wgphoto.pl\/t\/index.php?rest_route=\/wp\/v2\/posts\/20557\/revisions"}],"predecessor-version":[{"id":20559,"href":"https:\/\/wgphoto.pl\/t\/index.php?rest_route=\/wp\/v2\/posts\/20557\/revisions\/20559"}],"wp:featuredmedia":[{"embeddable":true,"href":"https:\/\/wgphoto.pl\/t\/index.php?rest_route=\/wp\/v2\/media\/20558"}],"wp:attachment":[{"href":"https:\/\/wgphoto.pl\/t\/index.php?rest_route=%2Fwp%2Fv2%2Fmedia&parent=20557"}],"wp:term":[{"taxonomy":"category","embeddable":true,"href":"https:\/\/wgphoto.pl\/t\/index.php?rest_route=%2Fwp%2Fv2%2Fcategories&post=20557"},{"taxonomy":"post_tag","embeddable":true,"href":"https:\/\/wgphoto.pl\/t\/index.php?rest_route=%2Fwp%2Fv2%2Ftags&post=20557"}],"curies":[{"name":"wp","href":"https:\/\/api.w.org\/{rel}","templated":true}]}}