{"id":2057,"date":"2024-10-07T17:50:05","date_gmt":"2024-10-07T15:50:05","guid":{"rendered":"https:\/\/wgphoto.pl\/t\/?p=2057"},"modified":"2024-10-07T17:50:05","modified_gmt":"2024-10-07T15:50:05","slug":"lub-1","status":"publish","type":"post","link":"https:\/\/wgphoto.pl\/t\/?p=2057","title":{"rendered":"LUB-1"},"content":{"rendered":"\n<figure class=\"wp-block-image aligncenter size-full\"><img loading=\"lazy\" decoding=\"async\" width=\"1200\" height=\"803\" src=\"https:\/\/wgphoto.pl\/t\/wp-content\/uploads\/2024\/10\/IMGP8204.jpg\" alt=\"\" class=\"wp-image-2058\" srcset=\"https:\/\/wgphoto.pl\/t\/wp-content\/uploads\/2024\/10\/IMGP8204.jpg 1200w, https:\/\/wgphoto.pl\/t\/wp-content\/uploads\/2024\/10\/IMGP8204-300x201.jpg 300w, https:\/\/wgphoto.pl\/t\/wp-content\/uploads\/2024\/10\/IMGP8204-768x514.jpg 768w\" sizes=\"auto, (max-width: 1200px) 100vw, 1200px\" \/><\/figure>\n\n\n\n<div class=\"wp-block-group has-global-padding is-layout-constrained wp-block-group-is-layout-constrained\">\n<p>Kowal\u00f3w. 3xEN57 (jako ostatni &#8211; EN57-1612) przy obs\u0142udze poci\u0105gu dodatkowego z Kostrzyna do Lublina. 02.08.2009<\/p>\n<\/div>\n","protected":false},"excerpt":{"rendered":"<p>Kowal\u00f3w. 3xEN57 (jako ostatni &#8211; EN57-1612) przy obs\u0142udze poci\u0105gu dodatkowego z Kostrzyna do Lublina. 02.08.2009<\/p>\n","protected":false},"author":1,"featured_media":2058,"comment_status":"open","ping_status":"","sticky":false,"template":"","format":"standard","meta":{"footnotes":""},"categories":[2,169],"tags":[1070,132,173,1069,1025,63,27,135,202,1071],"class_list":["post-2057","post","type-post","status-publish","format-standard","has-post-thumbnail","hentry","category-kolej","category-rok-2009","tag-2009-08-02","tag-en57","tag-koncowki","tag-kowalow","tag-nadodrzanka","tag-pkp","tag-polska","tag-potrojniak","tag-specjalny","tag-tab-pl355"],"_links":{"self":[{"href":"https:\/\/wgphoto.pl\/t\/index.php?rest_route=\/wp\/v2\/posts\/2057","targetHints":{"allow":["GET"]}}],"collection":[{"href":"https:\/\/wgphoto.pl\/t\/index.php?rest_route=\/wp\/v2\/posts"}],"about":[{"href":"https:\/\/wgphoto.pl\/t\/index.php?rest_route=\/wp\/v2\/types\/post"}],"author":[{"embeddable":true,"href":"https:\/\/wgphoto.pl\/t\/index.php?rest_route=\/wp\/v2\/users\/1"}],"replies":[{"embeddable":true,"href":"https:\/\/wgphoto.pl\/t\/index.php?rest_route=%2Fwp%2Fv2%2Fcomments&post=2057"}],"version-history":[{"count":1,"href":"https:\/\/wgphoto.pl\/t\/index.php?rest_route=\/wp\/v2\/posts\/2057\/revisions"}],"predecessor-version":[{"id":2059,"href":"https:\/\/wgphoto.pl\/t\/index.php?rest_route=\/wp\/v2\/posts\/2057\/revisions\/2059"}],"wp:featuredmedia":[{"embeddable":true,"href":"https:\/\/wgphoto.pl\/t\/index.php?rest_route=\/wp\/v2\/media\/2058"}],"wp:attachment":[{"href":"https:\/\/wgphoto.pl\/t\/index.php?rest_route=%2Fwp%2Fv2%2Fmedia&parent=2057"}],"wp:term":[{"taxonomy":"category","embeddable":true,"href":"https:\/\/wgphoto.pl\/t\/index.php?rest_route=%2Fwp%2Fv2%2Fcategories&post=2057"},{"taxonomy":"post_tag","embeddable":true,"href":"https:\/\/wgphoto.pl\/t\/index.php?rest_route=%2Fwp%2Fv2%2Ftags&post=2057"}],"curies":[{"name":"wp","href":"https:\/\/api.w.org\/{rel}","templated":true}]}}