{"id":20588,"date":"2025-07-13T19:42:38","date_gmt":"2025-07-13T17:42:38","guid":{"rendered":"https:\/\/wgphoto.pl\/t\/?p=20588"},"modified":"2025-07-13T19:42:38","modified_gmt":"2025-07-13T17:42:38","slug":"ep07-356-wroclaw-zerniki","status":"publish","type":"post","link":"https:\/\/wgphoto.pl\/t\/?p=20588","title":{"rendered":"EP07-356, Wroc\u0142aw \u017berniki"},"content":{"rendered":"\n<figure class=\"wp-block-image aligncenter size-full\"><img loading=\"lazy\" decoding=\"async\" width=\"1300\" height=\"861\" src=\"https:\/\/wgphoto.pl\/t\/wp-content\/uploads\/2025\/07\/0602-07_rsn.jpg\" alt=\"\" class=\"wp-image-20589\" srcset=\"https:\/\/wgphoto.pl\/t\/wp-content\/uploads\/2025\/07\/0602-07_rsn.jpg 1300w, https:\/\/wgphoto.pl\/t\/wp-content\/uploads\/2025\/07\/0602-07_rsn-300x199.jpg 300w, https:\/\/wgphoto.pl\/t\/wp-content\/uploads\/2025\/07\/0602-07_rsn-768x509.jpg 768w\" sizes=\"auto, (max-width: 1300px) 100vw, 1300px\" \/><\/figure>\n\n\n\n<div class=\"wp-block-group has-global-padding is-layout-constrained wp-block-group-is-layout-constrained\">\n<p>EP07-356 z poci\u0105giem osobowym 5504\/513 relacji Wroc\u0142aw G\u0142\u00f3wny &#8211; G\u00f6rlitz zatrzymuje si\u0119 we Wroc\u0142awiu \u017bernikach. 12.02.2006<\/p>\n<\/div>\n","protected":false},"excerpt":{"rendered":"<p>EP07-356 z poci\u0105giem osobowym 5504\/513 relacji Wroc\u0142aw G\u0142\u00f3wny &#8211; G\u00f6rlitz zatrzymuje si\u0119 we Wroc\u0142awiu \u017bernikach. 12.02.2006<\/p>\n","protected":false},"author":1,"featured_media":20589,"comment_status":"open","ping_status":"","sticky":false,"template":"","format":"standard","meta":{"footnotes":""},"categories":[62,2,130],"tags":[1900,124,63,27,44,233,41,924],"class_list":["post-20588","post","type-post","status-publish","format-standard","has-post-thumbnail","hentry","category-analog","category-kolej","category-rok-2006","tag-2006-02-12","tag-ep07","tag-pkp","tag-polska","tag-snieg","tag-tab-pl260","tag-wroclaw","tag-wroclaw-zerniki"],"_links":{"self":[{"href":"https:\/\/wgphoto.pl\/t\/index.php?rest_route=\/wp\/v2\/posts\/20588","targetHints":{"allow":["GET"]}}],"collection":[{"href":"https:\/\/wgphoto.pl\/t\/index.php?rest_route=\/wp\/v2\/posts"}],"about":[{"href":"https:\/\/wgphoto.pl\/t\/index.php?rest_route=\/wp\/v2\/types\/post"}],"author":[{"embeddable":true,"href":"https:\/\/wgphoto.pl\/t\/index.php?rest_route=\/wp\/v2\/users\/1"}],"replies":[{"embeddable":true,"href":"https:\/\/wgphoto.pl\/t\/index.php?rest_route=%2Fwp%2Fv2%2Fcomments&post=20588"}],"version-history":[{"count":1,"href":"https:\/\/wgphoto.pl\/t\/index.php?rest_route=\/wp\/v2\/posts\/20588\/revisions"}],"predecessor-version":[{"id":20590,"href":"https:\/\/wgphoto.pl\/t\/index.php?rest_route=\/wp\/v2\/posts\/20588\/revisions\/20590"}],"wp:featuredmedia":[{"embeddable":true,"href":"https:\/\/wgphoto.pl\/t\/index.php?rest_route=\/wp\/v2\/media\/20589"}],"wp:attachment":[{"href":"https:\/\/wgphoto.pl\/t\/index.php?rest_route=%2Fwp%2Fv2%2Fmedia&parent=20588"}],"wp:term":[{"taxonomy":"category","embeddable":true,"href":"https:\/\/wgphoto.pl\/t\/index.php?rest_route=%2Fwp%2Fv2%2Fcategories&post=20588"},{"taxonomy":"post_tag","embeddable":true,"href":"https:\/\/wgphoto.pl\/t\/index.php?rest_route=%2Fwp%2Fv2%2Ftags&post=20588"}],"curies":[{"name":"wp","href":"https:\/\/api.w.org\/{rel}","templated":true}]}}