{"id":20597,"date":"2025-07-13T19:46:07","date_gmt":"2025-07-13T17:46:07","guid":{"rendered":"https:\/\/wgphoto.pl\/t\/?p=20597"},"modified":"2025-07-13T19:46:07","modified_gmt":"2025-07-13T17:46:07","slug":"pociag-skonczyl-bieg","status":"publish","type":"post","link":"https:\/\/wgphoto.pl\/t\/?p=20597","title":{"rendered":"Poci\u0105g sko\u0144czy\u0142 bieg"},"content":{"rendered":"\n<figure class=\"wp-block-image aligncenter size-full\"><img loading=\"lazy\" decoding=\"async\" width=\"1300\" height=\"861\" src=\"https:\/\/wgphoto.pl\/t\/wp-content\/uploads\/2025\/07\/0602-14_rsn.jpg\" alt=\"\" class=\"wp-image-20598\" srcset=\"https:\/\/wgphoto.pl\/t\/wp-content\/uploads\/2025\/07\/0602-14_rsn.jpg 1300w, https:\/\/wgphoto.pl\/t\/wp-content\/uploads\/2025\/07\/0602-14_rsn-300x199.jpg 300w, https:\/\/wgphoto.pl\/t\/wp-content\/uploads\/2025\/07\/0602-14_rsn-768x509.jpg 768w\" sizes=\"auto, (max-width: 1300px) 100vw, 1300px\" \/><\/figure>\n\n\n\n<div class=\"wp-block-group has-global-padding is-layout-constrained wp-block-group-is-layout-constrained\">\n<p>Lokomotywa SP42-208 z poci\u0105giem osobowym 66330 z Brzegu sko\u0144czy\u0142a bieg w Nysie. 18.02.2006<\/p>\n<\/div>\n","protected":false},"excerpt":{"rendered":"<p>Lokomotywa SP42-208 z poci\u0105giem osobowym 66330 z Brzegu sko\u0144czy\u0142a bieg w Nysie. 18.02.2006<\/p>\n","protected":false},"author":1,"featured_media":20598,"comment_status":"open","ping_status":"","sticky":false,"template":"","format":"standard","meta":{"footnotes":""},"categories":[62,2,130],"tags":[267,1236,24,63,27,44,316,706],"class_list":["post-20597","post","type-post","status-publish","format-standard","has-post-thumbnail","hentry","category-analog","category-kolej","category-rok-2006","tag-2006-02-18","tag-nysa","tag-perony","tag-pkp","tag-polska","tag-snieg","tag-sp42","tag-tab-pl246"],"_links":{"self":[{"href":"https:\/\/wgphoto.pl\/t\/index.php?rest_route=\/wp\/v2\/posts\/20597","targetHints":{"allow":["GET"]}}],"collection":[{"href":"https:\/\/wgphoto.pl\/t\/index.php?rest_route=\/wp\/v2\/posts"}],"about":[{"href":"https:\/\/wgphoto.pl\/t\/index.php?rest_route=\/wp\/v2\/types\/post"}],"author":[{"embeddable":true,"href":"https:\/\/wgphoto.pl\/t\/index.php?rest_route=\/wp\/v2\/users\/1"}],"replies":[{"embeddable":true,"href":"https:\/\/wgphoto.pl\/t\/index.php?rest_route=%2Fwp%2Fv2%2Fcomments&post=20597"}],"version-history":[{"count":1,"href":"https:\/\/wgphoto.pl\/t\/index.php?rest_route=\/wp\/v2\/posts\/20597\/revisions"}],"predecessor-version":[{"id":20599,"href":"https:\/\/wgphoto.pl\/t\/index.php?rest_route=\/wp\/v2\/posts\/20597\/revisions\/20599"}],"wp:featuredmedia":[{"embeddable":true,"href":"https:\/\/wgphoto.pl\/t\/index.php?rest_route=\/wp\/v2\/media\/20598"}],"wp:attachment":[{"href":"https:\/\/wgphoto.pl\/t\/index.php?rest_route=%2Fwp%2Fv2%2Fmedia&parent=20597"}],"wp:term":[{"taxonomy":"category","embeddable":true,"href":"https:\/\/wgphoto.pl\/t\/index.php?rest_route=%2Fwp%2Fv2%2Fcategories&post=20597"},{"taxonomy":"post_tag","embeddable":true,"href":"https:\/\/wgphoto.pl\/t\/index.php?rest_route=%2Fwp%2Fv2%2Ftags&post=20597"}],"curies":[{"name":"wp","href":"https:\/\/api.w.org\/{rel}","templated":true}]}}