{"id":20600,"date":"2025-07-13T19:46:59","date_gmt":"2025-07-13T17:46:59","guid":{"rendered":"https:\/\/wgphoto.pl\/t\/?p=20600"},"modified":"2025-07-13T19:46:59","modified_gmt":"2025-07-13T17:46:59","slug":"punktualnie-o-9","status":"publish","type":"post","link":"https:\/\/wgphoto.pl\/t\/?p=20600","title":{"rendered":"Punktualnie o 9"},"content":{"rendered":"\n<figure class=\"wp-block-image aligncenter size-full\"><img loading=\"lazy\" decoding=\"async\" width=\"1300\" height=\"845\" src=\"https:\/\/wgphoto.pl\/t\/wp-content\/uploads\/2025\/07\/0602-15_rsn.jpg\" alt=\"\" class=\"wp-image-20601\" srcset=\"https:\/\/wgphoto.pl\/t\/wp-content\/uploads\/2025\/07\/0602-15_rsn.jpg 1300w, https:\/\/wgphoto.pl\/t\/wp-content\/uploads\/2025\/07\/0602-15_rsn-300x195.jpg 300w, https:\/\/wgphoto.pl\/t\/wp-content\/uploads\/2025\/07\/0602-15_rsn-768x499.jpg 768w\" sizes=\"auto, (max-width: 1300px) 100vw, 1300px\" \/><\/figure>\n\n\n\n<div class=\"wp-block-group has-global-padding is-layout-constrained wp-block-group-is-layout-constrained\">\n<p>SP42-208 i 228 spotka\u0142y si\u0119 w nyskich peronach punktualnie o godz. 9, je\u015bli wierzy\u0107 peronowemu zegarowi. 18.02.2006<\/p>\n<\/div>\n","protected":false},"excerpt":{"rendered":"<p>SP42-208 i 228 spotka\u0142y si\u0119 w nyskich peronach punktualnie o godz. 9, je\u015bli wierzy\u0107 peronowemu zegarowi. 18.02.2006<\/p>\n","protected":false},"author":1,"featured_media":20601,"comment_status":"open","ping_status":"","sticky":false,"template":"","format":"standard","meta":{"footnotes":""},"categories":[62,2,130],"tags":[267,1236,24,63,27,44,316],"class_list":["post-20600","post","type-post","status-publish","format-standard","has-post-thumbnail","hentry","category-analog","category-kolej","category-rok-2006","tag-2006-02-18","tag-nysa","tag-perony","tag-pkp","tag-polska","tag-snieg","tag-sp42"],"_links":{"self":[{"href":"https:\/\/wgphoto.pl\/t\/index.php?rest_route=\/wp\/v2\/posts\/20600","targetHints":{"allow":["GET"]}}],"collection":[{"href":"https:\/\/wgphoto.pl\/t\/index.php?rest_route=\/wp\/v2\/posts"}],"about":[{"href":"https:\/\/wgphoto.pl\/t\/index.php?rest_route=\/wp\/v2\/types\/post"}],"author":[{"embeddable":true,"href":"https:\/\/wgphoto.pl\/t\/index.php?rest_route=\/wp\/v2\/users\/1"}],"replies":[{"embeddable":true,"href":"https:\/\/wgphoto.pl\/t\/index.php?rest_route=%2Fwp%2Fv2%2Fcomments&post=20600"}],"version-history":[{"count":1,"href":"https:\/\/wgphoto.pl\/t\/index.php?rest_route=\/wp\/v2\/posts\/20600\/revisions"}],"predecessor-version":[{"id":20602,"href":"https:\/\/wgphoto.pl\/t\/index.php?rest_route=\/wp\/v2\/posts\/20600\/revisions\/20602"}],"wp:featuredmedia":[{"embeddable":true,"href":"https:\/\/wgphoto.pl\/t\/index.php?rest_route=\/wp\/v2\/media\/20601"}],"wp:attachment":[{"href":"https:\/\/wgphoto.pl\/t\/index.php?rest_route=%2Fwp%2Fv2%2Fmedia&parent=20600"}],"wp:term":[{"taxonomy":"category","embeddable":true,"href":"https:\/\/wgphoto.pl\/t\/index.php?rest_route=%2Fwp%2Fv2%2Fcategories&post=20600"},{"taxonomy":"post_tag","embeddable":true,"href":"https:\/\/wgphoto.pl\/t\/index.php?rest_route=%2Fwp%2Fv2%2Ftags&post=20600"}],"curies":[{"name":"wp","href":"https:\/\/api.w.org\/{rel}","templated":true}]}}