{"id":20609,"date":"2025-07-13T19:50:36","date_gmt":"2025-07-13T17:50:36","guid":{"rendered":"https:\/\/wgphoto.pl\/t\/?p=20609"},"modified":"2025-07-13T19:50:36","modified_gmt":"2025-07-13T17:50:36","slug":"ed72-004","status":"publish","type":"post","link":"https:\/\/wgphoto.pl\/t\/?p=20609","title":{"rendered":"ED72-004"},"content":{"rendered":"\n<figure class=\"wp-block-image aligncenter size-full\"><img loading=\"lazy\" decoding=\"async\" width=\"1299\" height=\"842\" src=\"https:\/\/wgphoto.pl\/t\/wp-content\/uploads\/2025\/07\/2002c_35_rsn.jpg\" alt=\"\" class=\"wp-image-20610\" srcset=\"https:\/\/wgphoto.pl\/t\/wp-content\/uploads\/2025\/07\/2002c_35_rsn.jpg 1299w, https:\/\/wgphoto.pl\/t\/wp-content\/uploads\/2025\/07\/2002c_35_rsn-300x194.jpg 300w, https:\/\/wgphoto.pl\/t\/wp-content\/uploads\/2025\/07\/2002c_35_rsn-768x498.jpg 768w\" sizes=\"auto, (max-width: 1299px) 100vw, 1299px\" \/><\/figure>\n\n\n\n<div class=\"wp-block-group has-global-padding is-layout-constrained wp-block-group-is-layout-constrained\">\n<p>Bydgoska jednostka ED72-004 jako poci\u0105g osobowy 40143 relacji W\u0142oc\u0142awek &#8211; Bydgoszcz G\u0142. podczas postoju w Toruniu G\u0142\u00f3wnym. 19.02.2002<\/p>\n<\/div>\n","protected":false},"excerpt":{"rendered":"<p>Bydgoska jednostka ED72-004 jako poci\u0105g osobowy 40143 relacji W\u0142oc\u0142awek &#8211; Bydgoszcz G\u0142. podczas postoju w Toruniu G\u0142\u00f3wnym. 19.02.2002<\/p>\n","protected":false},"author":1,"featured_media":20610,"comment_status":"open","ping_status":"","sticky":false,"template":"","format":"standard","meta":{"footnotes":""},"categories":[62,2,577],"tags":[918,743,132,173,24,63,27,4320,4319],"class_list":["post-20609","post","type-post","status-publish","format-standard","has-post-thumbnail","hentry","category-analog","category-kolej","category-rok-2002","tag-2002-02-19","tag-ed72","tag-en57","tag-koncowki","tag-perony","tag-pkp","tag-polska","tag-tab-pl420","tag-torun-glowny"],"_links":{"self":[{"href":"https:\/\/wgphoto.pl\/t\/index.php?rest_route=\/wp\/v2\/posts\/20609","targetHints":{"allow":["GET"]}}],"collection":[{"href":"https:\/\/wgphoto.pl\/t\/index.php?rest_route=\/wp\/v2\/posts"}],"about":[{"href":"https:\/\/wgphoto.pl\/t\/index.php?rest_route=\/wp\/v2\/types\/post"}],"author":[{"embeddable":true,"href":"https:\/\/wgphoto.pl\/t\/index.php?rest_route=\/wp\/v2\/users\/1"}],"replies":[{"embeddable":true,"href":"https:\/\/wgphoto.pl\/t\/index.php?rest_route=%2Fwp%2Fv2%2Fcomments&post=20609"}],"version-history":[{"count":1,"href":"https:\/\/wgphoto.pl\/t\/index.php?rest_route=\/wp\/v2\/posts\/20609\/revisions"}],"predecessor-version":[{"id":20611,"href":"https:\/\/wgphoto.pl\/t\/index.php?rest_route=\/wp\/v2\/posts\/20609\/revisions\/20611"}],"wp:featuredmedia":[{"embeddable":true,"href":"https:\/\/wgphoto.pl\/t\/index.php?rest_route=\/wp\/v2\/media\/20610"}],"wp:attachment":[{"href":"https:\/\/wgphoto.pl\/t\/index.php?rest_route=%2Fwp%2Fv2%2Fmedia&parent=20609"}],"wp:term":[{"taxonomy":"category","embeddable":true,"href":"https:\/\/wgphoto.pl\/t\/index.php?rest_route=%2Fwp%2Fv2%2Fcategories&post=20609"},{"taxonomy":"post_tag","embeddable":true,"href":"https:\/\/wgphoto.pl\/t\/index.php?rest_route=%2Fwp%2Fv2%2Ftags&post=20609"}],"curies":[{"name":"wp","href":"https:\/\/api.w.org\/{rel}","templated":true}]}}