{"id":20618,"date":"2025-07-13T19:53:09","date_gmt":"2025-07-13T17:53:09","guid":{"rendered":"https:\/\/wgphoto.pl\/t\/?p=20618"},"modified":"2025-07-13T19:53:09","modified_gmt":"2025-07-13T17:53:09","slug":"czarne-pociagi-w-czarna-noc","status":"publish","type":"post","link":"https:\/\/wgphoto.pl\/t\/?p=20618","title":{"rendered":"Czarne poci\u0105gi w czarn\u0105 noc"},"content":{"rendered":"\n<figure class=\"wp-block-image aligncenter size-full\"><img loading=\"lazy\" decoding=\"async\" width=\"1300\" height=\"861\" src=\"https:\/\/wgphoto.pl\/t\/wp-content\/uploads\/2025\/07\/IMGP4704.jpg\" alt=\"\" class=\"wp-image-20619\" srcset=\"https:\/\/wgphoto.pl\/t\/wp-content\/uploads\/2025\/07\/IMGP4704.jpg 1300w, https:\/\/wgphoto.pl\/t\/wp-content\/uploads\/2025\/07\/IMGP4704-300x199.jpg 300w, https:\/\/wgphoto.pl\/t\/wp-content\/uploads\/2025\/07\/IMGP4704-768x509.jpg 768w\" sizes=\"auto, (max-width: 1300px) 100vw, 1300px\" \/><\/figure>\n\n\n\n<div class=\"wp-block-group has-global-padding is-layout-constrained wp-block-group-is-layout-constrained\">\n<p>Lokomotywy Rc6 1416 i Rc5 1347 oraz jednostka X14 nr 3235, kt\u00f3ra ju\u017c tu zago\u015bci\u0142a na innym zdj\u0119ciu z tego samego dnia, odpoczywaj\u0105 wieczorow\u0105 por\u0105 na stacji V\u00e4ster\u00e5s C. 25.09.2021<\/p>\n<\/div>\n","protected":false},"excerpt":{"rendered":"<p>Lokomotywy Rc6 1416 i Rc5 1347 oraz jednostka X14 nr 3235, kt\u00f3ra ju\u017c tu zago\u015bci\u0142a na innym zdj\u0119ciu z tego samego dnia, odpoczywaj\u0105 wieczorow\u0105 por\u0105 na stacji V\u00e4ster\u00e5s C. 25.09.2021<\/p>\n","protected":false},"author":1,"featured_media":20619,"comment_status":"open","ping_status":"","sticky":false,"template":"","format":"standard","meta":{"footnotes":""},"categories":[2,681],"tags":[2569,154,2118,1372,685,687,4322,2570],"class_list":["post-20618","post","type-post","status-publish","format-standard","has-post-thumbnail","hentry","category-kolej","category-rok-2021","tag-2021-09-25","tag-noc","tag-rc","tag-sj","tag-szwecja","tag-szwecja-2021","tag-vasteras","tag-x10-x11-x12-x14"],"_links":{"self":[{"href":"https:\/\/wgphoto.pl\/t\/index.php?rest_route=\/wp\/v2\/posts\/20618","targetHints":{"allow":["GET"]}}],"collection":[{"href":"https:\/\/wgphoto.pl\/t\/index.php?rest_route=\/wp\/v2\/posts"}],"about":[{"href":"https:\/\/wgphoto.pl\/t\/index.php?rest_route=\/wp\/v2\/types\/post"}],"author":[{"embeddable":true,"href":"https:\/\/wgphoto.pl\/t\/index.php?rest_route=\/wp\/v2\/users\/1"}],"replies":[{"embeddable":true,"href":"https:\/\/wgphoto.pl\/t\/index.php?rest_route=%2Fwp%2Fv2%2Fcomments&post=20618"}],"version-history":[{"count":1,"href":"https:\/\/wgphoto.pl\/t\/index.php?rest_route=\/wp\/v2\/posts\/20618\/revisions"}],"predecessor-version":[{"id":20620,"href":"https:\/\/wgphoto.pl\/t\/index.php?rest_route=\/wp\/v2\/posts\/20618\/revisions\/20620"}],"wp:featuredmedia":[{"embeddable":true,"href":"https:\/\/wgphoto.pl\/t\/index.php?rest_route=\/wp\/v2\/media\/20619"}],"wp:attachment":[{"href":"https:\/\/wgphoto.pl\/t\/index.php?rest_route=%2Fwp%2Fv2%2Fmedia&parent=20618"}],"wp:term":[{"taxonomy":"category","embeddable":true,"href":"https:\/\/wgphoto.pl\/t\/index.php?rest_route=%2Fwp%2Fv2%2Fcategories&post=20618"},{"taxonomy":"post_tag","embeddable":true,"href":"https:\/\/wgphoto.pl\/t\/index.php?rest_route=%2Fwp%2Fv2%2Ftags&post=20618"}],"curies":[{"name":"wp","href":"https:\/\/api.w.org\/{rel}","templated":true}]}}