{"id":20627,"date":"2025-07-13T19:56:19","date_gmt":"2025-07-13T17:56:19","guid":{"rendered":"https:\/\/wgphoto.pl\/t\/?p=20627"},"modified":"2025-07-13T19:56:19","modified_gmt":"2025-07-13T17:56:19","slug":"dobre-rano-w-telciu","status":"publish","type":"post","link":"https:\/\/wgphoto.pl\/t\/?p=20627","title":{"rendered":"Dobre rano w Telciu"},"content":{"rendered":"\n<figure class=\"wp-block-image aligncenter size-full\"><img loading=\"lazy\" decoding=\"async\" width=\"1300\" height=\"861\" src=\"https:\/\/wgphoto.pl\/t\/wp-content\/uploads\/2025\/07\/IMGP3082.jpg\" alt=\"\" class=\"wp-image-20628\" srcset=\"https:\/\/wgphoto.pl\/t\/wp-content\/uploads\/2025\/07\/IMGP3082.jpg 1300w, https:\/\/wgphoto.pl\/t\/wp-content\/uploads\/2025\/07\/IMGP3082-300x199.jpg 300w, https:\/\/wgphoto.pl\/t\/wp-content\/uploads\/2025\/07\/IMGP3082-768x509.jpg 768w\" sizes=\"auto, (max-width: 1300px) 100vw, 1300px\" \/><\/figure>\n\n\n\n<div class=\"wp-block-group has-global-padding is-layout-constrained wp-block-group-is-layout-constrained\">\n<p>Poci\u0105g z poprzedniego zdj\u0119cia, czyli R4112 relacji Bucure\u0219ti Nord\/Cluj-Napoca\/Beclean pe Some\u0219 &#8211; Sighetu Marma\u021biei z 64.0950 na czele, kilkana\u015bcie minut p\u00f3\u017aniej mija miejscowo\u015b\u0107 Telciu. 27.06.2023<\/p>\n<\/div>\n","protected":false},"excerpt":{"rendered":"<p>Poci\u0105g z poprzedniego zdj\u0119cia, czyli R4112 relacji Bucure\u0219ti Nord\/Cluj-Napoca\/Beclean pe Some\u0219 &#8211; Sighetu Marma\u021biei z 64.0950 na czele, kilkana\u015bcie minut p\u00f3\u017aniej mija miejscowo\u015b\u0107 Telciu. 27.06.2023<\/p>\n","protected":false},"author":1,"featured_media":20628,"comment_status":"open","ping_status":"","sticky":false,"template":"","format":"standard","meta":{"footnotes":""},"categories":[2,6],"tags":[4203,961,4154,958,176,574,4323],"class_list":["post-20627","post","type-post","status-publish","format-standard","has-post-thumbnail","hentry","category-kolej","category-2023r","tag-2023-06-27","tag-961","tag-buna-romania-2023","tag-cfr","tag-rano","tag-rumunia","tag-telciu"],"_links":{"self":[{"href":"https:\/\/wgphoto.pl\/t\/index.php?rest_route=\/wp\/v2\/posts\/20627","targetHints":{"allow":["GET"]}}],"collection":[{"href":"https:\/\/wgphoto.pl\/t\/index.php?rest_route=\/wp\/v2\/posts"}],"about":[{"href":"https:\/\/wgphoto.pl\/t\/index.php?rest_route=\/wp\/v2\/types\/post"}],"author":[{"embeddable":true,"href":"https:\/\/wgphoto.pl\/t\/index.php?rest_route=\/wp\/v2\/users\/1"}],"replies":[{"embeddable":true,"href":"https:\/\/wgphoto.pl\/t\/index.php?rest_route=%2Fwp%2Fv2%2Fcomments&post=20627"}],"version-history":[{"count":1,"href":"https:\/\/wgphoto.pl\/t\/index.php?rest_route=\/wp\/v2\/posts\/20627\/revisions"}],"predecessor-version":[{"id":20629,"href":"https:\/\/wgphoto.pl\/t\/index.php?rest_route=\/wp\/v2\/posts\/20627\/revisions\/20629"}],"wp:featuredmedia":[{"embeddable":true,"href":"https:\/\/wgphoto.pl\/t\/index.php?rest_route=\/wp\/v2\/media\/20628"}],"wp:attachment":[{"href":"https:\/\/wgphoto.pl\/t\/index.php?rest_route=%2Fwp%2Fv2%2Fmedia&parent=20627"}],"wp:term":[{"taxonomy":"category","embeddable":true,"href":"https:\/\/wgphoto.pl\/t\/index.php?rest_route=%2Fwp%2Fv2%2Fcategories&post=20627"},{"taxonomy":"post_tag","embeddable":true,"href":"https:\/\/wgphoto.pl\/t\/index.php?rest_route=%2Fwp%2Fv2%2Ftags&post=20627"}],"curies":[{"name":"wp","href":"https:\/\/api.w.org\/{rel}","templated":true}]}}