{"id":20645,"date":"2025-07-13T23:37:43","date_gmt":"2025-07-13T21:37:43","guid":{"rendered":"https:\/\/wgphoto.pl\/t\/?p=20645"},"modified":"2025-07-13T23:37:43","modified_gmt":"2025-07-13T21:37:43","slug":"siedemnastka-na-podwalu","status":"publish","type":"post","link":"https:\/\/wgphoto.pl\/t\/?p=20645","title":{"rendered":"Siedemnastka na Podwalu"},"content":{"rendered":"\n<figure class=\"wp-block-image aligncenter size-full\"><img loading=\"lazy\" decoding=\"async\" width=\"700\" height=\"1050\" src=\"https:\/\/wgphoto.pl\/t\/wp-content\/uploads\/2025\/07\/0403-08.jpg\" alt=\"\" class=\"wp-image-20646\" srcset=\"https:\/\/wgphoto.pl\/t\/wp-content\/uploads\/2025\/07\/0403-08.jpg 700w, https:\/\/wgphoto.pl\/t\/wp-content\/uploads\/2025\/07\/0403-08-200x300.jpg 200w\" sizes=\"auto, (max-width: 700px) 100vw, 700px\" \/><\/figure>\n\n\n\n<div class=\"wp-block-group has-global-padding is-layout-constrained wp-block-group-is-layout-constrained\">\n<p>Wroc\u0142aw, Podwale. 105Na 2446+2445 na objazdowej siedemnastce, z ty\u0142u jedzie 102Na 2003, kt\u00f3rego mo\u017cna by\u0142o pozna\u0107 z daleka po charakterystycznym przodzie od 13N. 29.02.2004<\/p>\n<\/div>\n","protected":false},"excerpt":{"rendered":"<p>Wroc\u0142aw, Podwale. 105Na 2446+2445 na objazdowej siedemnastce, z ty\u0142u jedzie 102Na 2003, kt\u00f3rego mo\u017cna by\u0142o pozna\u0107 z daleka po charakterystycznym przodzie od 13N. 29.02.2004<\/p>\n","protected":false},"author":1,"featured_media":20646,"comment_status":"open","ping_status":"","sticky":false,"template":"","format":"standard","meta":{"footnotes":""},"categories":[62,128,61,3],"tags":[155,3988,34,42,27,41],"class_list":["post-20645","post","type-post","status-publish","format-standard","has-post-thumbnail","hentry","category-analog","category-pionowe","category-rok-2004","category-tramwaj","tag-105na","tag-2004-02-29","tag-architektura","tag-mpk-wroclaw","tag-polska","tag-wroclaw"],"_links":{"self":[{"href":"https:\/\/wgphoto.pl\/t\/index.php?rest_route=\/wp\/v2\/posts\/20645","targetHints":{"allow":["GET"]}}],"collection":[{"href":"https:\/\/wgphoto.pl\/t\/index.php?rest_route=\/wp\/v2\/posts"}],"about":[{"href":"https:\/\/wgphoto.pl\/t\/index.php?rest_route=\/wp\/v2\/types\/post"}],"author":[{"embeddable":true,"href":"https:\/\/wgphoto.pl\/t\/index.php?rest_route=\/wp\/v2\/users\/1"}],"replies":[{"embeddable":true,"href":"https:\/\/wgphoto.pl\/t\/index.php?rest_route=%2Fwp%2Fv2%2Fcomments&post=20645"}],"version-history":[{"count":1,"href":"https:\/\/wgphoto.pl\/t\/index.php?rest_route=\/wp\/v2\/posts\/20645\/revisions"}],"predecessor-version":[{"id":20647,"href":"https:\/\/wgphoto.pl\/t\/index.php?rest_route=\/wp\/v2\/posts\/20645\/revisions\/20647"}],"wp:featuredmedia":[{"embeddable":true,"href":"https:\/\/wgphoto.pl\/t\/index.php?rest_route=\/wp\/v2\/media\/20646"}],"wp:attachment":[{"href":"https:\/\/wgphoto.pl\/t\/index.php?rest_route=%2Fwp%2Fv2%2Fmedia&parent=20645"}],"wp:term":[{"taxonomy":"category","embeddable":true,"href":"https:\/\/wgphoto.pl\/t\/index.php?rest_route=%2Fwp%2Fv2%2Fcategories&post=20645"},{"taxonomy":"post_tag","embeddable":true,"href":"https:\/\/wgphoto.pl\/t\/index.php?rest_route=%2Fwp%2Fv2%2Ftags&post=20645"}],"curies":[{"name":"wp","href":"https:\/\/api.w.org\/{rel}","templated":true}]}}