{"id":20648,"date":"2025-07-13T23:38:42","date_gmt":"2025-07-13T21:38:42","guid":{"rendered":"https:\/\/wgphoto.pl\/t\/?p=20648"},"modified":"2025-07-13T23:38:42","modified_gmt":"2025-07-13T21:38:42","slug":"nowoczesnosc","status":"publish","type":"post","link":"https:\/\/wgphoto.pl\/t\/?p=20648","title":{"rendered":"Nowoczesno\u015b\u0107"},"content":{"rendered":"\n<figure class=\"wp-block-image aligncenter size-full\"><img loading=\"lazy\" decoding=\"async\" width=\"1300\" height=\"862\" src=\"https:\/\/wgphoto.pl\/t\/wp-content\/uploads\/2025\/07\/2002d-18.jpg\" alt=\"\" class=\"wp-image-20649\" srcset=\"https:\/\/wgphoto.pl\/t\/wp-content\/uploads\/2025\/07\/2002d-18.jpg 1300w, https:\/\/wgphoto.pl\/t\/wp-content\/uploads\/2025\/07\/2002d-18-300x199.jpg 300w, https:\/\/wgphoto.pl\/t\/wp-content\/uploads\/2025\/07\/2002d-18-768x509.jpg 768w\" sizes=\"auto, (max-width: 1300px) 100vw, 1300px\" \/><\/figure>\n\n\n\n<div class=\"wp-block-group has-global-padding is-layout-constrained wp-block-group-is-layout-constrained\">\n<p>BR612.103 jako (wg opisu zdj\u0119cia) RB 17684 do Ebersbach na stacji w G\u00f6rlitz. Jednostka z wychylnym pud\u0142em b\u0142yszczy nowo\u015bci\u0105, ale nie przetrwa\u0142a pr\u00f3by czasu, mo\u017ce dlatego, \u017ce skonstruowano j\u0105 z my\u015bl\u0105 o szybkich przewozach mi\u0119dzyregionalnych (np. z trasy Drezno &#8211; Hof wspominam j\u0105 bardzo dobrze), za\u015b zatrudnianie na poci\u0105gi raczej lokalne &#8211; jak tu &#8211; szybko zapewne zweryfikowa\u0142o mankamenty w postaci w\u0105skich wej\u015b\u0107 i wysokiego pok\u0142adu bez nawet kawa\u0142ka niskiej pod\u0142ogi. B\u0119d\u0105ce w podobnym wieku Siemensy Desiro z powodzeniem s\u0142u\u017c\u0105 do dzi\u015b i poje\u017cd\u017c\u0105 pewnie jeszcze d\u0142ugie lata, je\u015bli nie w Niemczech, to za granic\u0105. 02.03.2002<\/p>\n<\/div>\n","protected":false},"excerpt":{"rendered":"<p>BR612.103 jako (wg opisu zdj\u0119cia) RB 17684 do Ebersbach na stacji w G\u00f6rlitz. Jednostka z wychylnym pud\u0142em b\u0142yszczy nowo\u015bci\u0105, ale nie przetrwa\u0142a pr\u00f3by czasu, mo\u017ce dlatego, \u017ce skonstruowano j\u0105 z my\u015bl\u0105 o szybkich przewozach mi\u0119dzyregionalnych (np. z trasy Drezno &#8211; Hof wspominam j\u0105 bardzo dobrze), za\u015b zatrudnianie na poci\u0105gi raczej lokalne &#8211; jak tu &#8211; [&hellip;]<\/p>\n","protected":false},"author":1,"featured_media":20649,"comment_status":"open","ping_status":"","sticky":false,"template":"","format":"standard","meta":{"footnotes":""},"categories":[62,2,577],"tags":[1771,2916,206,31,179,23],"class_list":["post-20648","post","type-post","status-publish","format-standard","has-post-thumbnail","hentry","category-analog","category-kolej","category-rok-2002","tag-2002-03-02","tag-2916","tag-db","tag-gorlitz","tag-hala-peronowa","tag-niemcy"],"_links":{"self":[{"href":"https:\/\/wgphoto.pl\/t\/index.php?rest_route=\/wp\/v2\/posts\/20648","targetHints":{"allow":["GET"]}}],"collection":[{"href":"https:\/\/wgphoto.pl\/t\/index.php?rest_route=\/wp\/v2\/posts"}],"about":[{"href":"https:\/\/wgphoto.pl\/t\/index.php?rest_route=\/wp\/v2\/types\/post"}],"author":[{"embeddable":true,"href":"https:\/\/wgphoto.pl\/t\/index.php?rest_route=\/wp\/v2\/users\/1"}],"replies":[{"embeddable":true,"href":"https:\/\/wgphoto.pl\/t\/index.php?rest_route=%2Fwp%2Fv2%2Fcomments&post=20648"}],"version-history":[{"count":1,"href":"https:\/\/wgphoto.pl\/t\/index.php?rest_route=\/wp\/v2\/posts\/20648\/revisions"}],"predecessor-version":[{"id":20650,"href":"https:\/\/wgphoto.pl\/t\/index.php?rest_route=\/wp\/v2\/posts\/20648\/revisions\/20650"}],"wp:featuredmedia":[{"embeddable":true,"href":"https:\/\/wgphoto.pl\/t\/index.php?rest_route=\/wp\/v2\/media\/20649"}],"wp:attachment":[{"href":"https:\/\/wgphoto.pl\/t\/index.php?rest_route=%2Fwp%2Fv2%2Fmedia&parent=20648"}],"wp:term":[{"taxonomy":"category","embeddable":true,"href":"https:\/\/wgphoto.pl\/t\/index.php?rest_route=%2Fwp%2Fv2%2Fcategories&post=20648"},{"taxonomy":"post_tag","embeddable":true,"href":"https:\/\/wgphoto.pl\/t\/index.php?rest_route=%2Fwp%2Fv2%2Ftags&post=20648"}],"curies":[{"name":"wp","href":"https:\/\/api.w.org\/{rel}","templated":true}]}}