{"id":20657,"date":"2025-07-13T23:41:49","date_gmt":"2025-07-13T21:41:49","guid":{"rendered":"https:\/\/wgphoto.pl\/t\/?p=20657"},"modified":"2025-07-13T23:41:49","modified_gmt":"2025-07-13T21:41:49","slug":"su42-506-przed-kroscienkiem","status":"publish","type":"post","link":"https:\/\/wgphoto.pl\/t\/?p=20657","title":{"rendered":"SU42-506 przed Kro\u015bcienkiem"},"content":{"rendered":"\n<figure class=\"wp-block-image aligncenter size-full\"><img loading=\"lazy\" decoding=\"async\" width=\"1300\" height=\"870\" src=\"https:\/\/wgphoto.pl\/t\/wp-content\/uploads\/2025\/07\/IMGP4863.jpg\" alt=\"\" class=\"wp-image-20658\" srcset=\"https:\/\/wgphoto.pl\/t\/wp-content\/uploads\/2025\/07\/IMGP4863.jpg 1300w, https:\/\/wgphoto.pl\/t\/wp-content\/uploads\/2025\/07\/IMGP4863-300x201.jpg 300w, https:\/\/wgphoto.pl\/t\/wp-content\/uploads\/2025\/07\/IMGP4863-768x514.jpg 768w\" sizes=\"auto, (max-width: 1300px) 100vw, 1300px\" \/><\/figure>\n\n\n\n<div class=\"wp-block-group has-global-padding is-layout-constrained wp-block-group-is-layout-constrained\">\n<p>SU42-506 z mi\u0119dzynarodowym poci\u0105giem osobowym 7921 z Sanoka do Chyrowa tu\u017c za mostem nad \u0141odyn\u0105, tu\u017c przed stacj\u0105 w Kro\u015bcienku. 22.07.2010<\/p>\n<\/div>\n","protected":false},"excerpt":{"rendered":"<p>SU42-506 z mi\u0119dzynarodowym poci\u0105giem osobowym 7921 z Sanoka do Chyrowa tu\u017c za mostem nad \u0141odyn\u0105, tu\u017c przed stacj\u0105 w Kro\u015bcienku. 22.07.2010<\/p>\n","protected":false},"author":1,"featured_media":20658,"comment_status":"open","ping_status":"","sticky":false,"template":"","format":"standard","meta":{"footnotes":""},"categories":[2,86],"tags":[345,3192,63,341,27,250,3189],"class_list":["post-20657","post","type-post","status-publish","format-standard","has-post-thumbnail","hentry","category-kolej","category-rok-2010","tag-2010-07-22","tag-kroscienko","tag-pkp","tag-podkarpacie-2010","tag-polska","tag-su42","tag-tab-pl133"],"_links":{"self":[{"href":"https:\/\/wgphoto.pl\/t\/index.php?rest_route=\/wp\/v2\/posts\/20657","targetHints":{"allow":["GET"]}}],"collection":[{"href":"https:\/\/wgphoto.pl\/t\/index.php?rest_route=\/wp\/v2\/posts"}],"about":[{"href":"https:\/\/wgphoto.pl\/t\/index.php?rest_route=\/wp\/v2\/types\/post"}],"author":[{"embeddable":true,"href":"https:\/\/wgphoto.pl\/t\/index.php?rest_route=\/wp\/v2\/users\/1"}],"replies":[{"embeddable":true,"href":"https:\/\/wgphoto.pl\/t\/index.php?rest_route=%2Fwp%2Fv2%2Fcomments&post=20657"}],"version-history":[{"count":1,"href":"https:\/\/wgphoto.pl\/t\/index.php?rest_route=\/wp\/v2\/posts\/20657\/revisions"}],"predecessor-version":[{"id":20659,"href":"https:\/\/wgphoto.pl\/t\/index.php?rest_route=\/wp\/v2\/posts\/20657\/revisions\/20659"}],"wp:featuredmedia":[{"embeddable":true,"href":"https:\/\/wgphoto.pl\/t\/index.php?rest_route=\/wp\/v2\/media\/20658"}],"wp:attachment":[{"href":"https:\/\/wgphoto.pl\/t\/index.php?rest_route=%2Fwp%2Fv2%2Fmedia&parent=20657"}],"wp:term":[{"taxonomy":"category","embeddable":true,"href":"https:\/\/wgphoto.pl\/t\/index.php?rest_route=%2Fwp%2Fv2%2Fcategories&post=20657"},{"taxonomy":"post_tag","embeddable":true,"href":"https:\/\/wgphoto.pl\/t\/index.php?rest_route=%2Fwp%2Fv2%2Ftags&post=20657"}],"curies":[{"name":"wp","href":"https:\/\/api.w.org\/{rel}","templated":true}]}}