{"id":20660,"date":"2025-07-13T23:43:20","date_gmt":"2025-07-13T21:43:20","guid":{"rendered":"https:\/\/wgphoto.pl\/t\/?p=20660"},"modified":"2025-07-13T23:43:20","modified_gmt":"2025-07-13T21:43:20","slug":"szkodnik-w-buczynie-2","status":"publish","type":"post","link":"https:\/\/wgphoto.pl\/t\/?p=20660","title":{"rendered":"Szkodnik w buczynie (2)"},"content":{"rendered":"\n<figure class=\"wp-block-image aligncenter size-full\"><img loading=\"lazy\" decoding=\"async\" width=\"1300\" height=\"936\" src=\"https:\/\/wgphoto.pl\/t\/wp-content\/uploads\/2025\/07\/IMGP6854-1.jpg\" alt=\"\" class=\"wp-image-20662\" srcset=\"https:\/\/wgphoto.pl\/t\/wp-content\/uploads\/2025\/07\/IMGP6854-1.jpg 1300w, https:\/\/wgphoto.pl\/t\/wp-content\/uploads\/2025\/07\/IMGP6854-1-300x216.jpg 300w, https:\/\/wgphoto.pl\/t\/wp-content\/uploads\/2025\/07\/IMGP6854-1-768x553.jpg 768w\" sizes=\"auto, (max-width: 1300px) 100vw, 1300px\" \/><\/figure>\n\n\n\n<div class=\"wp-block-group has-global-padding is-layout-constrained wp-block-group-is-layout-constrained\">\n<p>Wroc\u0142aw, p\u0119tla Stadion Olimpijski. \u0160koda 19T 3127 oczekuje na kolejny kurs po\u015br\u00f3d dorodnych buk\u00f3w porastaj\u0105cych t\u0119 cz\u0119\u015b\u0107 Parku Szczytnickiego. Zaistnia\u0142o tu ju\u017c foto o podobnym kadrze i jednakowym tytule, jednak nic w tym dziwnego, skoro w tamtym czasie uje\u017cd\u017ca\u0142em tym wagonem na sta\u0142e niemal wy\u0142\u0105cznie linie tzw. &#8222;tramwaju plus&#8221;. 09.03.2012<\/p>\n<\/div>\n","protected":false},"excerpt":{"rendered":"<p>Wroc\u0142aw, p\u0119tla Stadion Olimpijski. \u0160koda 19T 3127 oczekuje na kolejny kurs po\u015br\u00f3d dorodnych buk\u00f3w porastaj\u0105cych t\u0119 cz\u0119\u015b\u0107 Parku Szczytnickiego. Zaistnia\u0142o tu ju\u017c foto o podobnym kadrze i jednakowym tytule, jednak nic w tym dziwnego, skoro w tamtym czasie uje\u017cd\u017ca\u0142em tym wagonem na sta\u0142e niemal wy\u0142\u0105cznie linie tzw. &#8222;tramwaju plus&#8221;. 09.03.2012<\/p>\n","protected":false},"author":1,"featured_media":20662,"comment_status":"open","ping_status":"","sticky":false,"template":"","format":"standard","meta":{"footnotes":""},"categories":[46,3],"tags":[3813,42,27,438,1493,216,439,41],"class_list":["post-20660","post","type-post","status-publish","format-standard","has-post-thumbnail","hentry","category-rok-2012","category-tramwaj","tag-2012-03-09","tag-mpk-wroclaw","tag-polska","tag-portret-z-petli","tag-skoda-19t","tag-skoda-elektra","tag-we-fabryce","tag-wroclaw"],"_links":{"self":[{"href":"https:\/\/wgphoto.pl\/t\/index.php?rest_route=\/wp\/v2\/posts\/20660","targetHints":{"allow":["GET"]}}],"collection":[{"href":"https:\/\/wgphoto.pl\/t\/index.php?rest_route=\/wp\/v2\/posts"}],"about":[{"href":"https:\/\/wgphoto.pl\/t\/index.php?rest_route=\/wp\/v2\/types\/post"}],"author":[{"embeddable":true,"href":"https:\/\/wgphoto.pl\/t\/index.php?rest_route=\/wp\/v2\/users\/1"}],"replies":[{"embeddable":true,"href":"https:\/\/wgphoto.pl\/t\/index.php?rest_route=%2Fwp%2Fv2%2Fcomments&post=20660"}],"version-history":[{"count":1,"href":"https:\/\/wgphoto.pl\/t\/index.php?rest_route=\/wp\/v2\/posts\/20660\/revisions"}],"predecessor-version":[{"id":20663,"href":"https:\/\/wgphoto.pl\/t\/index.php?rest_route=\/wp\/v2\/posts\/20660\/revisions\/20663"}],"wp:featuredmedia":[{"embeddable":true,"href":"https:\/\/wgphoto.pl\/t\/index.php?rest_route=\/wp\/v2\/media\/20662"}],"wp:attachment":[{"href":"https:\/\/wgphoto.pl\/t\/index.php?rest_route=%2Fwp%2Fv2%2Fmedia&parent=20660"}],"wp:term":[{"taxonomy":"category","embeddable":true,"href":"https:\/\/wgphoto.pl\/t\/index.php?rest_route=%2Fwp%2Fv2%2Fcategories&post=20660"},{"taxonomy":"post_tag","embeddable":true,"href":"https:\/\/wgphoto.pl\/t\/index.php?rest_route=%2Fwp%2Fv2%2Ftags&post=20660"}],"curies":[{"name":"wp","href":"https:\/\/api.w.org\/{rel}","templated":true}]}}