{"id":20673,"date":"2025-07-13T23:48:04","date_gmt":"2025-07-13T21:48:04","guid":{"rendered":"https:\/\/wgphoto.pl\/t\/?p=20673"},"modified":"2025-07-13T23:48:04","modified_gmt":"2025-07-13T21:48:04","slug":"sp32-209-polanica-zdroj-2","status":"publish","type":"post","link":"https:\/\/wgphoto.pl\/t\/?p=20673","title":{"rendered":"SP32-209, Polanica-Zdr\u00f3j"},"content":{"rendered":"\n<figure class=\"wp-block-image aligncenter size-full\"><img loading=\"lazy\" decoding=\"async\" width=\"1300\" height=\"855\" src=\"https:\/\/wgphoto.pl\/t\/wp-content\/uploads\/2025\/07\/0422-01.jpg\" alt=\"\" class=\"wp-image-20674\" srcset=\"https:\/\/wgphoto.pl\/t\/wp-content\/uploads\/2025\/07\/0422-01.jpg 1300w, https:\/\/wgphoto.pl\/t\/wp-content\/uploads\/2025\/07\/0422-01-300x197.jpg 300w, https:\/\/wgphoto.pl\/t\/wp-content\/uploads\/2025\/07\/0422-01-768x505.jpg 768w\" sizes=\"auto, (max-width: 1300px) 100vw, 1300px\" \/><\/figure>\n\n\n\n<div class=\"wp-block-group has-global-padding is-layout-constrained wp-block-group-is-layout-constrained\">\n<p>SP32-209 z poci\u0105giem osobowym 3332 relacji Kudowa-Zdr\u00f3j &#8211; K\u0142odzko G\u0142\u00f3wne za moment odjedzie z Polanicy. 28.08.2004<\/p>\n<\/div>\n","protected":false},"excerpt":{"rendered":"<p>SP32-209 z poci\u0105giem osobowym 3332 relacji Kudowa-Zdr\u00f3j &#8211; K\u0142odzko G\u0142\u00f3wne za moment odjedzie z Polanicy. 28.08.2004<\/p>\n","protected":false},"author":1,"featured_media":20674,"comment_status":"open","ping_status":"","sticky":false,"template":"","format":"standard","meta":{"footnotes":""},"categories":[62,2,61],"tags":[4136,313,63,1946,27,385,53,383],"class_list":["post-20673","post","type-post","status-publish","format-standard","has-post-thumbnail","hentry","category-analog","category-kolej","category-rok-2004","tag-2004-08-28","tag-dyzurny","tag-pkp","tag-polanica-zdroj","tag-polska","tag-sp32","tag-sygnalizacja-ksztaltowa","tag-tab-pl230"],"_links":{"self":[{"href":"https:\/\/wgphoto.pl\/t\/index.php?rest_route=\/wp\/v2\/posts\/20673","targetHints":{"allow":["GET"]}}],"collection":[{"href":"https:\/\/wgphoto.pl\/t\/index.php?rest_route=\/wp\/v2\/posts"}],"about":[{"href":"https:\/\/wgphoto.pl\/t\/index.php?rest_route=\/wp\/v2\/types\/post"}],"author":[{"embeddable":true,"href":"https:\/\/wgphoto.pl\/t\/index.php?rest_route=\/wp\/v2\/users\/1"}],"replies":[{"embeddable":true,"href":"https:\/\/wgphoto.pl\/t\/index.php?rest_route=%2Fwp%2Fv2%2Fcomments&post=20673"}],"version-history":[{"count":1,"href":"https:\/\/wgphoto.pl\/t\/index.php?rest_route=\/wp\/v2\/posts\/20673\/revisions"}],"predecessor-version":[{"id":20675,"href":"https:\/\/wgphoto.pl\/t\/index.php?rest_route=\/wp\/v2\/posts\/20673\/revisions\/20675"}],"wp:featuredmedia":[{"embeddable":true,"href":"https:\/\/wgphoto.pl\/t\/index.php?rest_route=\/wp\/v2\/media\/20674"}],"wp:attachment":[{"href":"https:\/\/wgphoto.pl\/t\/index.php?rest_route=%2Fwp%2Fv2%2Fmedia&parent=20673"}],"wp:term":[{"taxonomy":"category","embeddable":true,"href":"https:\/\/wgphoto.pl\/t\/index.php?rest_route=%2Fwp%2Fv2%2Fcategories&post=20673"},{"taxonomy":"post_tag","embeddable":true,"href":"https:\/\/wgphoto.pl\/t\/index.php?rest_route=%2Fwp%2Fv2%2Ftags&post=20673"}],"curies":[{"name":"wp","href":"https:\/\/api.w.org\/{rel}","templated":true}]}}