{"id":20688,"date":"2025-07-13T23:54:07","date_gmt":"2025-07-13T21:54:07","guid":{"rendered":"https:\/\/wgphoto.pl\/t\/?p=20688"},"modified":"2025-07-13T23:54:07","modified_gmt":"2025-07-13T21:54:07","slug":"dalekie-obiegi","status":"publish","type":"post","link":"https:\/\/wgphoto.pl\/t\/?p=20688","title":{"rendered":"Dalekie obiegi"},"content":{"rendered":"\n<figure class=\"wp-block-image aligncenter size-full\"><img loading=\"lazy\" decoding=\"async\" width=\"1300\" height=\"840\" src=\"https:\/\/wgphoto.pl\/t\/wp-content\/uploads\/2025\/07\/0727-10_rsn.jpg\" alt=\"\" class=\"wp-image-20689\" srcset=\"https:\/\/wgphoto.pl\/t\/wp-content\/uploads\/2025\/07\/0727-10_rsn.jpg 1300w, https:\/\/wgphoto.pl\/t\/wp-content\/uploads\/2025\/07\/0727-10_rsn-300x194.jpg 300w, https:\/\/wgphoto.pl\/t\/wp-content\/uploads\/2025\/07\/0727-10_rsn-768x496.jpg 768w\" sizes=\"auto, (max-width: 1300px) 100vw, 1300px\" \/><\/figure>\n\n\n\n<div class=\"wp-block-group has-global-padding is-layout-constrained wp-block-group-is-layout-constrained\">\n<p>Kamieniecka SU45-011 czeka w katowickich peronach na nocny poci\u0105g pospieszny z Lublina do Jeleniej G\u00f3ry (przez Nys\u0119 i K\u0142odzko), kt\u00f3ry poprowadzi na odcinku st\u0105d a\u017c do ko\u0144ca trasy. By\u0142y to wagony bezpo\u015brednie wy\u0142\u0105czane z poci\u0105gu z Lublina i Przemy\u015bla do Wroc\u0142awia. 02.09.2007<\/p>\n<\/div>\n","protected":false},"excerpt":{"rendered":"<p>Kamieniecka SU45-011 czeka w katowickich peronach na nocny poci\u0105g pospieszny z Lublina do Jeleniej G\u00f3ry (przez Nys\u0119 i K\u0142odzko), kt\u00f3ry poprowadzi na odcinku st\u0105d a\u017c do ko\u0144ca trasy. By\u0142y to wagony bezpo\u015brednie wy\u0142\u0105czane z poci\u0105gu z Lublina i Przemy\u015bla do Wroc\u0142awia. 02.09.2007<\/p>\n","protected":false},"author":1,"featured_media":20689,"comment_status":"open","ping_status":"","sticky":false,"template":"","format":"standard","meta":{"footnotes":""},"categories":[62,2,96],"tags":[3796,277,1371,154,63,27,290],"class_list":["post-20688","post","type-post","status-publish","format-standard","has-post-thumbnail","hentry","category-analog","category-kolej","category-rok-2007","tag-2007-09-02","tag-gop","tag-katowice","tag-noc","tag-pkp","tag-polska","tag-su45"],"_links":{"self":[{"href":"https:\/\/wgphoto.pl\/t\/index.php?rest_route=\/wp\/v2\/posts\/20688","targetHints":{"allow":["GET"]}}],"collection":[{"href":"https:\/\/wgphoto.pl\/t\/index.php?rest_route=\/wp\/v2\/posts"}],"about":[{"href":"https:\/\/wgphoto.pl\/t\/index.php?rest_route=\/wp\/v2\/types\/post"}],"author":[{"embeddable":true,"href":"https:\/\/wgphoto.pl\/t\/index.php?rest_route=\/wp\/v2\/users\/1"}],"replies":[{"embeddable":true,"href":"https:\/\/wgphoto.pl\/t\/index.php?rest_route=%2Fwp%2Fv2%2Fcomments&post=20688"}],"version-history":[{"count":1,"href":"https:\/\/wgphoto.pl\/t\/index.php?rest_route=\/wp\/v2\/posts\/20688\/revisions"}],"predecessor-version":[{"id":20690,"href":"https:\/\/wgphoto.pl\/t\/index.php?rest_route=\/wp\/v2\/posts\/20688\/revisions\/20690"}],"wp:featuredmedia":[{"embeddable":true,"href":"https:\/\/wgphoto.pl\/t\/index.php?rest_route=\/wp\/v2\/media\/20689"}],"wp:attachment":[{"href":"https:\/\/wgphoto.pl\/t\/index.php?rest_route=%2Fwp%2Fv2%2Fmedia&parent=20688"}],"wp:term":[{"taxonomy":"category","embeddable":true,"href":"https:\/\/wgphoto.pl\/t\/index.php?rest_route=%2Fwp%2Fv2%2Fcategories&post=20688"},{"taxonomy":"post_tag","embeddable":true,"href":"https:\/\/wgphoto.pl\/t\/index.php?rest_route=%2Fwp%2Fv2%2Ftags&post=20688"}],"curies":[{"name":"wp","href":"https:\/\/api.w.org\/{rel}","templated":true}]}}