{"id":20691,"date":"2025-07-13T23:55:04","date_gmt":"2025-07-13T21:55:04","guid":{"rendered":"https:\/\/wgphoto.pl\/t\/?p=20691"},"modified":"2025-07-13T23:55:04","modified_gmt":"2025-07-13T21:55:04","slug":"drewniana-klecina","status":"publish","type":"post","link":"https:\/\/wgphoto.pl\/t\/?p=20691","title":{"rendered":"&#8222;Drewniana&#8221; Klecina"},"content":{"rendered":"\n<figure class=\"wp-block-image aligncenter size-full\"><img loading=\"lazy\" decoding=\"async\" width=\"1300\" height=\"855\" src=\"https:\/\/wgphoto.pl\/t\/wp-content\/uploads\/2025\/07\/2002e-20_ROC_rsn.jpg\" alt=\"\" class=\"wp-image-20692\" srcset=\"https:\/\/wgphoto.pl\/t\/wp-content\/uploads\/2025\/07\/2002e-20_ROC_rsn.jpg 1300w, https:\/\/wgphoto.pl\/t\/wp-content\/uploads\/2025\/07\/2002e-20_ROC_rsn-300x197.jpg 300w, https:\/\/wgphoto.pl\/t\/wp-content\/uploads\/2025\/07\/2002e-20_ROC_rsn-768x505.jpg 768w\" sizes=\"auto, (max-width: 1300px) 100vw, 1300px\" \/><\/figure>\n\n\n\n<div class=\"wp-block-group has-global-padding is-layout-constrained wp-block-group-is-layout-constrained\">\n<p>Wroc\u0142aw, ul. Przyja\u017ani, 105Na 2362+2361 za chwil\u0119 sko\u0144czy kurs na p\u0119tli Klecina. Po klimacie tego miejsca, z kostk\u0105 brukow\u0105, drewnianymi s\u0142upami i koszami na \u015bmieci, nie zosta\u0142 nawet \u015blad. 17.03.2002<\/p>\n<\/div>\n","protected":false},"excerpt":{"rendered":"<p>Wroc\u0142aw, ul. Przyja\u017ani, 105Na 2362+2361 za chwil\u0119 sko\u0144czy kurs na p\u0119tli Klecina. Po klimacie tego miejsca, z kostk\u0105 brukow\u0105, drewnianymi s\u0142upami i koszami na \u015bmieci, nie zosta\u0142 nawet \u015blad. 17.03.2002<\/p>\n","protected":false},"author":1,"featured_media":20692,"comment_status":"open","ping_status":"","sticky":false,"template":"","format":"standard","meta":{"footnotes":""},"categories":[62,577,3],"tags":[155,4328,42,27,41],"class_list":["post-20691","post","type-post","status-publish","format-standard","has-post-thumbnail","hentry","category-analog","category-rok-2002","category-tramwaj","tag-105na","tag-2002-03-17","tag-mpk-wroclaw","tag-polska","tag-wroclaw"],"_links":{"self":[{"href":"https:\/\/wgphoto.pl\/t\/index.php?rest_route=\/wp\/v2\/posts\/20691","targetHints":{"allow":["GET"]}}],"collection":[{"href":"https:\/\/wgphoto.pl\/t\/index.php?rest_route=\/wp\/v2\/posts"}],"about":[{"href":"https:\/\/wgphoto.pl\/t\/index.php?rest_route=\/wp\/v2\/types\/post"}],"author":[{"embeddable":true,"href":"https:\/\/wgphoto.pl\/t\/index.php?rest_route=\/wp\/v2\/users\/1"}],"replies":[{"embeddable":true,"href":"https:\/\/wgphoto.pl\/t\/index.php?rest_route=%2Fwp%2Fv2%2Fcomments&post=20691"}],"version-history":[{"count":1,"href":"https:\/\/wgphoto.pl\/t\/index.php?rest_route=\/wp\/v2\/posts\/20691\/revisions"}],"predecessor-version":[{"id":20693,"href":"https:\/\/wgphoto.pl\/t\/index.php?rest_route=\/wp\/v2\/posts\/20691\/revisions\/20693"}],"wp:featuredmedia":[{"embeddable":true,"href":"https:\/\/wgphoto.pl\/t\/index.php?rest_route=\/wp\/v2\/media\/20692"}],"wp:attachment":[{"href":"https:\/\/wgphoto.pl\/t\/index.php?rest_route=%2Fwp%2Fv2%2Fmedia&parent=20691"}],"wp:term":[{"taxonomy":"category","embeddable":true,"href":"https:\/\/wgphoto.pl\/t\/index.php?rest_route=%2Fwp%2Fv2%2Fcategories&post=20691"},{"taxonomy":"post_tag","embeddable":true,"href":"https:\/\/wgphoto.pl\/t\/index.php?rest_route=%2Fwp%2Fv2%2Ftags&post=20691"}],"curies":[{"name":"wp","href":"https:\/\/api.w.org\/{rel}","templated":true}]}}