{"id":20694,"date":"2025-07-13T23:55:59","date_gmt":"2025-07-13T21:55:59","guid":{"rendered":"https:\/\/wgphoto.pl\/t\/?p=20694"},"modified":"2025-07-13T23:55:59","modified_gmt":"2025-07-13T21:55:59","slug":"niedzwiedzice","status":"publish","type":"post","link":"https:\/\/wgphoto.pl\/t\/?p=20694","title":{"rendered":"Nied\u017awiedzice"},"content":{"rendered":"\n<figure class=\"wp-block-image aligncenter size-full\"><img loading=\"lazy\" decoding=\"async\" width=\"1300\" height=\"870\" src=\"https:\/\/wgphoto.pl\/t\/wp-content\/uploads\/2025\/07\/IMGP7798-1.jpg\" alt=\"\" class=\"wp-image-20695\" srcset=\"https:\/\/wgphoto.pl\/t\/wp-content\/uploads\/2025\/07\/IMGP7798-1.jpg 1300w, https:\/\/wgphoto.pl\/t\/wp-content\/uploads\/2025\/07\/IMGP7798-1-300x201.jpg 300w, https:\/\/wgphoto.pl\/t\/wp-content\/uploads\/2025\/07\/IMGP7798-1-768x514.jpg 768w\" sizes=\"auto, (max-width: 1300px) 100vw, 1300px\" \/><\/figure>\n\n\n\n<div class=\"wp-block-group has-global-padding is-layout-constrained wp-block-group-is-layout-constrained\">\n<p>814.228 i 810.449 podczas 3-minutowego skomunikowania w Nedv\u011bdic\u00edch. Nie lubi\u0119 tak kr\u00f3tkich przesiadek, bo nie daj\u0105 mo\u017cliwo\u015bci znalezienia optymalnego kadru. Na szcz\u0119\u015bcie \u0160koda sama si\u0119 tu wkomponowa\u0142a. 14.09.2010<\/p>\n<\/div>\n","protected":false},"excerpt":{"rendered":"<p>814.228 i 810.449 podczas 3-minutowego skomunikowania w Nedv\u011bdic\u00edch. Nie lubi\u0119 tak kr\u00f3tkich przesiadek, bo nie daj\u0105 mo\u017cliwo\u015bci znalezienia optymalnego kadru. Na szcz\u0119\u015bcie \u0160koda sama si\u0119 tu wkomponowa\u0142a. 14.09.2010<\/p>\n","protected":false},"author":1,"featured_media":20695,"comment_status":"open","ping_status":"","sticky":false,"template":"","format":"standard","meta":{"footnotes":""},"categories":[2,86],"tags":[1201,92,211,418,50,49,196,4330,4331],"class_list":["post-20694","post","type-post","status-publish","format-standard","has-post-thumbnail","hentry","category-kolej","category-rok-2010","tag-2010-09-14","tag-92","tag-211","tag-auto","tag-cd","tag-czechy","tag-linie-raczej-lokalne","tag-nedvedice","tag-tab-cz251"],"_links":{"self":[{"href":"https:\/\/wgphoto.pl\/t\/index.php?rest_route=\/wp\/v2\/posts\/20694","targetHints":{"allow":["GET"]}}],"collection":[{"href":"https:\/\/wgphoto.pl\/t\/index.php?rest_route=\/wp\/v2\/posts"}],"about":[{"href":"https:\/\/wgphoto.pl\/t\/index.php?rest_route=\/wp\/v2\/types\/post"}],"author":[{"embeddable":true,"href":"https:\/\/wgphoto.pl\/t\/index.php?rest_route=\/wp\/v2\/users\/1"}],"replies":[{"embeddable":true,"href":"https:\/\/wgphoto.pl\/t\/index.php?rest_route=%2Fwp%2Fv2%2Fcomments&post=20694"}],"version-history":[{"count":1,"href":"https:\/\/wgphoto.pl\/t\/index.php?rest_route=\/wp\/v2\/posts\/20694\/revisions"}],"predecessor-version":[{"id":20696,"href":"https:\/\/wgphoto.pl\/t\/index.php?rest_route=\/wp\/v2\/posts\/20694\/revisions\/20696"}],"wp:featuredmedia":[{"embeddable":true,"href":"https:\/\/wgphoto.pl\/t\/index.php?rest_route=\/wp\/v2\/media\/20695"}],"wp:attachment":[{"href":"https:\/\/wgphoto.pl\/t\/index.php?rest_route=%2Fwp%2Fv2%2Fmedia&parent=20694"}],"wp:term":[{"taxonomy":"category","embeddable":true,"href":"https:\/\/wgphoto.pl\/t\/index.php?rest_route=%2Fwp%2Fv2%2Fcategories&post=20694"},{"taxonomy":"post_tag","embeddable":true,"href":"https:\/\/wgphoto.pl\/t\/index.php?rest_route=%2Fwp%2Fv2%2Ftags&post=20694"}],"curies":[{"name":"wp","href":"https:\/\/api.w.org\/{rel}","templated":true}]}}