{"id":20697,"date":"2025-07-13T23:56:51","date_gmt":"2025-07-13T21:56:51","guid":{"rendered":"https:\/\/wgphoto.pl\/t\/?p=20697"},"modified":"2025-07-13T23:56:51","modified_gmt":"2025-07-13T21:56:51","slug":"hietzinger-bim","status":"publish","type":"post","link":"https:\/\/wgphoto.pl\/t\/?p=20697","title":{"rendered":"Hietzinger Bim"},"content":{"rendered":"\n<figure class=\"wp-block-image aligncenter size-full\"><img loading=\"lazy\" decoding=\"async\" width=\"750\" height=\"1000\" src=\"https:\/\/wgphoto.pl\/t\/wp-content\/uploads\/2025\/07\/0612-03_rsn.jpg\" alt=\"\" class=\"wp-image-20698\" srcset=\"https:\/\/wgphoto.pl\/t\/wp-content\/uploads\/2025\/07\/0612-03_rsn.jpg 750w, https:\/\/wgphoto.pl\/t\/wp-content\/uploads\/2025\/07\/0612-03_rsn-225x300.jpg 225w\" sizes=\"auto, (max-width: 750px) 100vw, 750px\" \/><\/figure>\n\n\n\n<div class=\"wp-block-group has-global-padding is-layout-constrained wp-block-group-is-layout-constrained\">\n<p>Wiede\u0144, Hietzinger Hauptstra\u00dfe. Klasyczny zestaw E1+c3 4500+1209 zbli\u017ca si\u0119 do w\u0119z\u0142a przesiadkowego <em>Hietzing Kennedybr\u00fccke<\/em> mi\u0119dzy tramwajem, autobusem i metrem. Nad okolic\u0105 g\u00f3ruje wie\u017ca miejscowego ko\u015bcio\u0142a parafialnego. 30.06.2006<\/p>\n<\/div>\n","protected":false},"excerpt":{"rendered":"<p>Wiede\u0144, Hietzinger Hauptstra\u00dfe. Klasyczny zestaw E1+c3 4500+1209 zbli\u017ca si\u0119 do w\u0119z\u0142a przesiadkowego Hietzing Kennedybr\u00fccke mi\u0119dzy tramwajem, autobusem i metrem. Nad okolic\u0105 g\u00f3ruje wie\u017ca miejscowego ko\u015bcio\u0142a parafialnego. 30.06.2006<\/p>\n","protected":false},"author":1,"featured_media":20698,"comment_status":"open","ping_status":"","sticky":false,"template":"","format":"standard","meta":{"footnotes":""},"categories":[62,128,130,3],"tags":[4332,9,13,102,101,97,98],"class_list":["post-20697","post","type-post","status-publish","format-standard","has-post-thumbnail","hentry","category-analog","category-pionowe","category-rok-2006","category-tramwaj","tag-2006-06-30","tag-austria","tag-deszcz","tag-e1","tag-gt6","tag-wieden","tag-wiener-linien"],"_links":{"self":[{"href":"https:\/\/wgphoto.pl\/t\/index.php?rest_route=\/wp\/v2\/posts\/20697","targetHints":{"allow":["GET"]}}],"collection":[{"href":"https:\/\/wgphoto.pl\/t\/index.php?rest_route=\/wp\/v2\/posts"}],"about":[{"href":"https:\/\/wgphoto.pl\/t\/index.php?rest_route=\/wp\/v2\/types\/post"}],"author":[{"embeddable":true,"href":"https:\/\/wgphoto.pl\/t\/index.php?rest_route=\/wp\/v2\/users\/1"}],"replies":[{"embeddable":true,"href":"https:\/\/wgphoto.pl\/t\/index.php?rest_route=%2Fwp%2Fv2%2Fcomments&post=20697"}],"version-history":[{"count":1,"href":"https:\/\/wgphoto.pl\/t\/index.php?rest_route=\/wp\/v2\/posts\/20697\/revisions"}],"predecessor-version":[{"id":20699,"href":"https:\/\/wgphoto.pl\/t\/index.php?rest_route=\/wp\/v2\/posts\/20697\/revisions\/20699"}],"wp:featuredmedia":[{"embeddable":true,"href":"https:\/\/wgphoto.pl\/t\/index.php?rest_route=\/wp\/v2\/media\/20698"}],"wp:attachment":[{"href":"https:\/\/wgphoto.pl\/t\/index.php?rest_route=%2Fwp%2Fv2%2Fmedia&parent=20697"}],"wp:term":[{"taxonomy":"category","embeddable":true,"href":"https:\/\/wgphoto.pl\/t\/index.php?rest_route=%2Fwp%2Fv2%2Fcategories&post=20697"},{"taxonomy":"post_tag","embeddable":true,"href":"https:\/\/wgphoto.pl\/t\/index.php?rest_route=%2Fwp%2Fv2%2Ftags&post=20697"}],"curies":[{"name":"wp","href":"https:\/\/api.w.org\/{rel}","templated":true}]}}