{"id":20718,"date":"2025-07-14T00:03:42","date_gmt":"2025-07-13T22:03:42","guid":{"rendered":"https:\/\/wgphoto.pl\/t\/?p=20718"},"modified":"2025-07-14T00:03:42","modified_gmt":"2025-07-13T22:03:42","slug":"roznov-pod-radhostem","status":"publish","type":"post","link":"https:\/\/wgphoto.pl\/t\/?p=20718","title":{"rendered":"Ro\u017enov pod Radho\u0161t\u011bm"},"content":{"rendered":"\n<figure class=\"wp-block-image aligncenter size-full\"><img loading=\"lazy\" decoding=\"async\" width=\"1300\" height=\"870\" src=\"https:\/\/wgphoto.pl\/t\/wp-content\/uploads\/2025\/07\/IMGP5857.jpg\" alt=\"\" class=\"wp-image-20719\" srcset=\"https:\/\/wgphoto.pl\/t\/wp-content\/uploads\/2025\/07\/IMGP5857.jpg 1300w, https:\/\/wgphoto.pl\/t\/wp-content\/uploads\/2025\/07\/IMGP5857-300x201.jpg 300w, https:\/\/wgphoto.pl\/t\/wp-content\/uploads\/2025\/07\/IMGP5857-768x514.jpg 768w\" sizes=\"auto, (max-width: 1300px) 100vw, 1300px\" \/><\/figure>\n\n\n\n<div class=\"wp-block-group has-global-padding is-layout-constrained wp-block-group-is-layout-constrained\">\n<p>Zestaw 814.092+091 wkr\u00f3tce odjedzie ze stacji pocz\u0105tkowej jako kurs 13216 relacji Ro\u017enov pod Radho\u0161t\u011bm &#8211; Vala\u0161sk\u00e9 Mezi\u0159\u00ed\u010d\u00ed. 15.08.2010<\/p>\n<\/div>\n","protected":false},"excerpt":{"rendered":"<p>Zestaw 814.092+091 wkr\u00f3tce odjedzie ze stacji pocz\u0105tkowej jako kurs 13216 relacji Ro\u017enov pod Radho\u0161t\u011bm &#8211; Vala\u0161sk\u00e9 Mezi\u0159\u00ed\u010d\u00ed. 15.08.2010<\/p>\n","protected":false},"author":1,"featured_media":20719,"comment_status":"open","ping_status":"","sticky":false,"template":"","format":"standard","meta":{"footnotes":""},"categories":[2,86],"tags":[791,211,50,49,94,4335,4336],"class_list":["post-20718","post","type-post","status-publish","format-standard","has-post-thumbnail","hentry","category-kolej","category-rok-2010","tag-2010-08-15","tag-211","tag-cd","tag-czechy","tag-na-kolejowym-koncu-swiata","tag-roznov-pod-radhostem","tag-tab-cz281"],"_links":{"self":[{"href":"https:\/\/wgphoto.pl\/t\/index.php?rest_route=\/wp\/v2\/posts\/20718","targetHints":{"allow":["GET"]}}],"collection":[{"href":"https:\/\/wgphoto.pl\/t\/index.php?rest_route=\/wp\/v2\/posts"}],"about":[{"href":"https:\/\/wgphoto.pl\/t\/index.php?rest_route=\/wp\/v2\/types\/post"}],"author":[{"embeddable":true,"href":"https:\/\/wgphoto.pl\/t\/index.php?rest_route=\/wp\/v2\/users\/1"}],"replies":[{"embeddable":true,"href":"https:\/\/wgphoto.pl\/t\/index.php?rest_route=%2Fwp%2Fv2%2Fcomments&post=20718"}],"version-history":[{"count":1,"href":"https:\/\/wgphoto.pl\/t\/index.php?rest_route=\/wp\/v2\/posts\/20718\/revisions"}],"predecessor-version":[{"id":20720,"href":"https:\/\/wgphoto.pl\/t\/index.php?rest_route=\/wp\/v2\/posts\/20718\/revisions\/20720"}],"wp:featuredmedia":[{"embeddable":true,"href":"https:\/\/wgphoto.pl\/t\/index.php?rest_route=\/wp\/v2\/media\/20719"}],"wp:attachment":[{"href":"https:\/\/wgphoto.pl\/t\/index.php?rest_route=%2Fwp%2Fv2%2Fmedia&parent=20718"}],"wp:term":[{"taxonomy":"category","embeddable":true,"href":"https:\/\/wgphoto.pl\/t\/index.php?rest_route=%2Fwp%2Fv2%2Fcategories&post=20718"},{"taxonomy":"post_tag","embeddable":true,"href":"https:\/\/wgphoto.pl\/t\/index.php?rest_route=%2Fwp%2Fv2%2Ftags&post=20718"}],"curies":[{"name":"wp","href":"https:\/\/api.w.org\/{rel}","templated":true}]}}