{"id":20721,"date":"2025-07-14T00:04:38","date_gmt":"2025-07-13T22:04:38","guid":{"rendered":"https:\/\/wgphoto.pl\/t\/?p=20721"},"modified":"2025-07-14T00:04:38","modified_gmt":"2025-07-13T22:04:38","slug":"foto-zawiera-lokowanie-produktu","status":"publish","type":"post","link":"https:\/\/wgphoto.pl\/t\/?p=20721","title":{"rendered":"Foto zawiera lokowanie produktu"},"content":{"rendered":"\n<figure class=\"wp-block-image aligncenter size-full\"><img loading=\"lazy\" decoding=\"async\" width=\"1300\" height=\"861\" src=\"https:\/\/wgphoto.pl\/t\/wp-content\/uploads\/2025\/07\/IMGP3272.jpg\" alt=\"\" class=\"wp-image-20722\" srcset=\"https:\/\/wgphoto.pl\/t\/wp-content\/uploads\/2025\/07\/IMGP3272.jpg 1300w, https:\/\/wgphoto.pl\/t\/wp-content\/uploads\/2025\/07\/IMGP3272-300x199.jpg 300w, https:\/\/wgphoto.pl\/t\/wp-content\/uploads\/2025\/07\/IMGP3272-768x509.jpg 768w\" sizes=\"auto, (max-width: 1300px) 100vw, 1300px\" \/><\/figure>\n\n\n\n<div class=\"wp-block-group has-global-padding is-layout-constrained wp-block-group-is-layout-constrained\">\n<p>Zestaw wagon\u00f3w A3L92 (z przodu wagon nr 637 z 1993 roku) zaraz zatrzyma si\u0119 na stacji M\u00f6ckernbr\u00fccke w Berlinie. Sk\u0142ad chwil\u0119 wcze\u015bniej przejecha\u0142 pod widocznym w tle logotypem przewo\u017anika, zawieszonym na kratownicy pomi\u0119dzy biurowcami. Gdyby mo\u017cna by\u0142o \u0142azi\u0107 po torach, by\u0142by to \u015bwietny motyw. \ud83d\ude09 15.09.2021<\/p>\n<\/div>\n","protected":false},"excerpt":{"rendered":"<p>Zestaw wagon\u00f3w A3L92 (z przodu wagon nr 637 z 1993 roku) zaraz zatrzyma si\u0119 na stacji M\u00f6ckernbr\u00fccke w Berlinie. Sk\u0142ad chwil\u0119 wcze\u015bniej przejecha\u0142 pod widocznym w tle logotypem przewo\u017anika, zawieszonym na kratownicy pomi\u0119dzy biurowcami. Gdyby mo\u017cna by\u0142o \u0142azi\u0107 po torach, by\u0142by to \u015bwietny motyw. \ud83d\ude09 15.09.2021<\/p>\n","protected":false},"author":1,"featured_media":20722,"comment_status":"open","ping_status":"","sticky":false,"template":"","format":"standard","meta":{"footnotes":""},"categories":[4,681],"tags":[2579,639,2582,1628,179,23,2202,905,2565],"class_list":["post-20721","post","type-post","status-publish","format-standard","has-post-thumbnail","hentry","category-metro","category-rok-2021","tag-2021-09-15","tag-berlin","tag-bvg-a3","tag-bvg-berlin","tag-hala-peronowa","tag-niemcy","tag-niemieckie-wakacje-2021","tag-przez","tag-u-bahn-berlin"],"_links":{"self":[{"href":"https:\/\/wgphoto.pl\/t\/index.php?rest_route=\/wp\/v2\/posts\/20721","targetHints":{"allow":["GET"]}}],"collection":[{"href":"https:\/\/wgphoto.pl\/t\/index.php?rest_route=\/wp\/v2\/posts"}],"about":[{"href":"https:\/\/wgphoto.pl\/t\/index.php?rest_route=\/wp\/v2\/types\/post"}],"author":[{"embeddable":true,"href":"https:\/\/wgphoto.pl\/t\/index.php?rest_route=\/wp\/v2\/users\/1"}],"replies":[{"embeddable":true,"href":"https:\/\/wgphoto.pl\/t\/index.php?rest_route=%2Fwp%2Fv2%2Fcomments&post=20721"}],"version-history":[{"count":1,"href":"https:\/\/wgphoto.pl\/t\/index.php?rest_route=\/wp\/v2\/posts\/20721\/revisions"}],"predecessor-version":[{"id":20723,"href":"https:\/\/wgphoto.pl\/t\/index.php?rest_route=\/wp\/v2\/posts\/20721\/revisions\/20723"}],"wp:featuredmedia":[{"embeddable":true,"href":"https:\/\/wgphoto.pl\/t\/index.php?rest_route=\/wp\/v2\/media\/20722"}],"wp:attachment":[{"href":"https:\/\/wgphoto.pl\/t\/index.php?rest_route=%2Fwp%2Fv2%2Fmedia&parent=20721"}],"wp:term":[{"taxonomy":"category","embeddable":true,"href":"https:\/\/wgphoto.pl\/t\/index.php?rest_route=%2Fwp%2Fv2%2Fcategories&post=20721"},{"taxonomy":"post_tag","embeddable":true,"href":"https:\/\/wgphoto.pl\/t\/index.php?rest_route=%2Fwp%2Fv2%2Ftags&post=20721"}],"curies":[{"name":"wp","href":"https:\/\/api.w.org\/{rel}","templated":true}]}}