{"id":20725,"date":"2025-07-14T11:34:54","date_gmt":"2025-07-14T09:34:54","guid":{"rendered":"https:\/\/wgphoto.pl\/t\/?p=20725"},"modified":"2025-07-14T11:34:54","modified_gmt":"2025-07-14T09:34:54","slug":"nowoczesnosc-na-miare-mozliwosci","status":"publish","type":"post","link":"https:\/\/wgphoto.pl\/t\/?p=20725","title":{"rendered":"Nowoczesno\u015b\u0107 na miar\u0119 mo\u017cliwo\u015bci"},"content":{"rendered":"\n<figure class=\"wp-block-image aligncenter size-full\"><img loading=\"lazy\" decoding=\"async\" width=\"1400\" height=\"927\" src=\"https:\/\/wgphoto.pl\/t\/wp-content\/uploads\/2025\/07\/2001o1-29_rsn.jpg\" alt=\"\" class=\"wp-image-20726\" srcset=\"https:\/\/wgphoto.pl\/t\/wp-content\/uploads\/2025\/07\/2001o1-29_rsn.jpg 1400w, https:\/\/wgphoto.pl\/t\/wp-content\/uploads\/2025\/07\/2001o1-29_rsn-300x199.jpg 300w, https:\/\/wgphoto.pl\/t\/wp-content\/uploads\/2025\/07\/2001o1-29_rsn-768x509.jpg 768w\" sizes=\"auto, (max-width: 1400px) 100vw, 1400px\" \/><\/figure>\n\n\n\n<div class=\"wp-block-group has-global-padding is-layout-constrained wp-block-group-is-layout-constrained\">\n<p>105Na 759+758 za chwil\u0119 wyruszy w tras\u0119 z pocz\u0105tkowego przystanku na p\u0119tli Basen G\u00f3rniczy w Szczecinie. Wtedy po\u0142\u00f3wkowy pantograf i wyk\u0142adane drzwi to by\u0142 sza\u0142. 14.07.2001<\/p>\n<\/div>\n","protected":false},"excerpt":{"rendered":"<p>105Na 759+758 za chwil\u0119 wyruszy w tras\u0119 z pocz\u0105tkowego przystanku na p\u0119tli Basen G\u00f3rniczy w Szczecinie. Wtedy po\u0142\u00f3wkowy pantograf i wyk\u0142adane drzwi to by\u0142 sza\u0142. 14.07.2001<\/p>\n","protected":false},"author":1,"featured_media":20726,"comment_status":"open","ping_status":"","sticky":false,"template":"","format":"standard","meta":{"footnotes":""},"categories":[62,940,3],"tags":[155,4337,740,27,219,301],"class_list":["post-20725","post","type-post","status-publish","format-standard","has-post-thumbnail","hentry","category-analog","category-rok-2001","category-tramwaj","tag-105na","tag-2001-07-14","tag-mzk-szczecin","tag-polska","tag-przystanek","tag-szczecin"],"_links":{"self":[{"href":"https:\/\/wgphoto.pl\/t\/index.php?rest_route=\/wp\/v2\/posts\/20725","targetHints":{"allow":["GET"]}}],"collection":[{"href":"https:\/\/wgphoto.pl\/t\/index.php?rest_route=\/wp\/v2\/posts"}],"about":[{"href":"https:\/\/wgphoto.pl\/t\/index.php?rest_route=\/wp\/v2\/types\/post"}],"author":[{"embeddable":true,"href":"https:\/\/wgphoto.pl\/t\/index.php?rest_route=\/wp\/v2\/users\/1"}],"replies":[{"embeddable":true,"href":"https:\/\/wgphoto.pl\/t\/index.php?rest_route=%2Fwp%2Fv2%2Fcomments&post=20725"}],"version-history":[{"count":1,"href":"https:\/\/wgphoto.pl\/t\/index.php?rest_route=\/wp\/v2\/posts\/20725\/revisions"}],"predecessor-version":[{"id":20727,"href":"https:\/\/wgphoto.pl\/t\/index.php?rest_route=\/wp\/v2\/posts\/20725\/revisions\/20727"}],"wp:featuredmedia":[{"embeddable":true,"href":"https:\/\/wgphoto.pl\/t\/index.php?rest_route=\/wp\/v2\/media\/20726"}],"wp:attachment":[{"href":"https:\/\/wgphoto.pl\/t\/index.php?rest_route=%2Fwp%2Fv2%2Fmedia&parent=20725"}],"wp:term":[{"taxonomy":"category","embeddable":true,"href":"https:\/\/wgphoto.pl\/t\/index.php?rest_route=%2Fwp%2Fv2%2Fcategories&post=20725"},{"taxonomy":"post_tag","embeddable":true,"href":"https:\/\/wgphoto.pl\/t\/index.php?rest_route=%2Fwp%2Fv2%2Ftags&post=20725"}],"curies":[{"name":"wp","href":"https:\/\/api.w.org\/{rel}","templated":true}]}}