{"id":20728,"date":"2025-07-14T11:35:41","date_gmt":"2025-07-14T09:35:41","guid":{"rendered":"https:\/\/wgphoto.pl\/t\/?p=20728"},"modified":"2025-07-14T11:35:41","modified_gmt":"2025-07-14T09:35:41","slug":"pocztowka-z-warszawy-lato-2k03","status":"publish","type":"post","link":"https:\/\/wgphoto.pl\/t\/?p=20728","title":{"rendered":"Poczt\u00f3wka z Warszawy, lato 2k03"},"content":{"rendered":"\n<figure class=\"wp-block-image aligncenter size-full\"><img loading=\"lazy\" decoding=\"async\" width=\"800\" height=\"1104\" src=\"https:\/\/wgphoto.pl\/t\/wp-content\/uploads\/2025\/07\/0322-02_rsn.jpg\" alt=\"\" class=\"wp-image-20729\" srcset=\"https:\/\/wgphoto.pl\/t\/wp-content\/uploads\/2025\/07\/0322-02_rsn.jpg 800w, https:\/\/wgphoto.pl\/t\/wp-content\/uploads\/2025\/07\/0322-02_rsn-217x300.jpg 217w, https:\/\/wgphoto.pl\/t\/wp-content\/uploads\/2025\/07\/0322-02_rsn-768x1060.jpg 768w\" sizes=\"auto, (max-width: 800px) 100vw, 800px\" \/><\/figure>\n\n\n\n<div class=\"wp-block-group has-global-padding is-layout-constrained wp-block-group-is-layout-constrained\">\n<p>Warszawa, rondo Romana Dmowskiego, 13N 414+468. Szkoda \u017ce na pierwszym planie nie znalaz\u0142 si\u0119 jaki\u015b Polonez, ale niech b\u0119dzie i taki owoc \u00f3wczesnej motoryzacji. Po latach nawet takie przeszkadzajki staj\u0105 si\u0119 urozmaiceniem zdj\u0119cia. 14.07.2003<\/p>\n<\/div>\n","protected":false},"excerpt":{"rendered":"<p>Warszawa, rondo Romana Dmowskiego, 13N 414+468. Szkoda \u017ce na pierwszym planie nie znalaz\u0142 si\u0119 jaki\u015b Polonez, ale niech b\u0119dzie i taki owoc \u00f3wczesnej motoryzacji. Po latach nawet takie przeszkadzajki staj\u0105 si\u0119 urozmaiceniem zdj\u0119cia. 14.07.2003<\/p>\n","protected":false},"author":1,"featured_media":20729,"comment_status":"open","ping_status":"","sticky":false,"template":"","format":"standard","meta":{"footnotes":""},"categories":[62,128,149,3],"tags":[2716,34,418,1895,27,953,954],"class_list":["post-20728","post","type-post","status-publish","format-standard","has-post-thumbnail","hentry","category-analog","category-pionowe","category-rok-2003","category-tramwaj","tag-2003-07-14","tag-architektura","tag-auto","tag-konstal-13n","tag-polska","tag-tramwaje-warszawskie","tag-warszawa"],"_links":{"self":[{"href":"https:\/\/wgphoto.pl\/t\/index.php?rest_route=\/wp\/v2\/posts\/20728","targetHints":{"allow":["GET"]}}],"collection":[{"href":"https:\/\/wgphoto.pl\/t\/index.php?rest_route=\/wp\/v2\/posts"}],"about":[{"href":"https:\/\/wgphoto.pl\/t\/index.php?rest_route=\/wp\/v2\/types\/post"}],"author":[{"embeddable":true,"href":"https:\/\/wgphoto.pl\/t\/index.php?rest_route=\/wp\/v2\/users\/1"}],"replies":[{"embeddable":true,"href":"https:\/\/wgphoto.pl\/t\/index.php?rest_route=%2Fwp%2Fv2%2Fcomments&post=20728"}],"version-history":[{"count":1,"href":"https:\/\/wgphoto.pl\/t\/index.php?rest_route=\/wp\/v2\/posts\/20728\/revisions"}],"predecessor-version":[{"id":20730,"href":"https:\/\/wgphoto.pl\/t\/index.php?rest_route=\/wp\/v2\/posts\/20728\/revisions\/20730"}],"wp:featuredmedia":[{"embeddable":true,"href":"https:\/\/wgphoto.pl\/t\/index.php?rest_route=\/wp\/v2\/media\/20729"}],"wp:attachment":[{"href":"https:\/\/wgphoto.pl\/t\/index.php?rest_route=%2Fwp%2Fv2%2Fmedia&parent=20728"}],"wp:term":[{"taxonomy":"category","embeddable":true,"href":"https:\/\/wgphoto.pl\/t\/index.php?rest_route=%2Fwp%2Fv2%2Fcategories&post=20728"},{"taxonomy":"post_tag","embeddable":true,"href":"https:\/\/wgphoto.pl\/t\/index.php?rest_route=%2Fwp%2Fv2%2Ftags&post=20728"}],"curies":[{"name":"wp","href":"https:\/\/api.w.org\/{rel}","templated":true}]}}