{"id":20743,"date":"2025-07-15T13:25:43","date_gmt":"2025-07-15T11:25:43","guid":{"rendered":"https:\/\/wgphoto.pl\/t\/?p=20743"},"modified":"2025-07-15T13:25:43","modified_gmt":"2025-07-15T11:25:43","slug":"miejska-perspektywa","status":"publish","type":"post","link":"https:\/\/wgphoto.pl\/t\/?p=20743","title":{"rendered":"Miejska perspektywa"},"content":{"rendered":"\n<figure class=\"wp-block-image aligncenter size-full\"><img loading=\"lazy\" decoding=\"async\" width=\"1400\" height=\"927\" src=\"https:\/\/wgphoto.pl\/t\/wp-content\/uploads\/2025\/07\/IMGP1113.jpg\" alt=\"\" class=\"wp-image-20744\" srcset=\"https:\/\/wgphoto.pl\/t\/wp-content\/uploads\/2025\/07\/IMGP1113.jpg 1400w, https:\/\/wgphoto.pl\/t\/wp-content\/uploads\/2025\/07\/IMGP1113-300x199.jpg 300w, https:\/\/wgphoto.pl\/t\/wp-content\/uploads\/2025\/07\/IMGP1113-768x509.jpg 768w\" sizes=\"auto, (max-width: 1400px) 100vw, 1400px\" \/><\/figure>\n\n\n\n<div class=\"wp-block-group has-global-padding is-layout-constrained wp-block-group-is-layout-constrained\">\n<p>Marsylia, Avenue du Mar\u00e9chal Foch. W rejonie przystanku Foch Sakakini min\u0105 si\u0119 zaraz tramwaje obs\u0142uguj\u0105ce lini\u0119 2. 18.02.2025<\/p>\n<\/div>\n","protected":false},"excerpt":{"rendered":"<p>Marsylia, Avenue du Mar\u00e9chal Foch. W rejonie przystanku Foch Sakakini min\u0105 si\u0119 zaraz tramwaje obs\u0142uguj\u0105ce lini\u0119 2. 18.02.2025<\/p>\n","protected":false},"author":1,"featured_media":20744,"comment_status":"open","ping_status":"","sticky":false,"template":"","format":"standard","meta":{"footnotes":""},"categories":[3208,3],"tags":[3977,185,3591,415,173,151,3976,389,118,4340,181],"class_list":["post-20743","post","type-post","status-publish","format-standard","has-post-thumbnail","hentry","category-rok-2025","category-tramwaj","tag-2025-02-18","tag-cityrunner","tag-cote-bleue-2025","tag-francja","tag-koncowki","tag-ludzie","tag-marsylia","tag-mijanka","tag-plany-i-profile","tag-rtm-marseille","tag-slonce"],"_links":{"self":[{"href":"https:\/\/wgphoto.pl\/t\/index.php?rest_route=\/wp\/v2\/posts\/20743","targetHints":{"allow":["GET"]}}],"collection":[{"href":"https:\/\/wgphoto.pl\/t\/index.php?rest_route=\/wp\/v2\/posts"}],"about":[{"href":"https:\/\/wgphoto.pl\/t\/index.php?rest_route=\/wp\/v2\/types\/post"}],"author":[{"embeddable":true,"href":"https:\/\/wgphoto.pl\/t\/index.php?rest_route=\/wp\/v2\/users\/1"}],"replies":[{"embeddable":true,"href":"https:\/\/wgphoto.pl\/t\/index.php?rest_route=%2Fwp%2Fv2%2Fcomments&post=20743"}],"version-history":[{"count":1,"href":"https:\/\/wgphoto.pl\/t\/index.php?rest_route=\/wp\/v2\/posts\/20743\/revisions"}],"predecessor-version":[{"id":20745,"href":"https:\/\/wgphoto.pl\/t\/index.php?rest_route=\/wp\/v2\/posts\/20743\/revisions\/20745"}],"wp:featuredmedia":[{"embeddable":true,"href":"https:\/\/wgphoto.pl\/t\/index.php?rest_route=\/wp\/v2\/media\/20744"}],"wp:attachment":[{"href":"https:\/\/wgphoto.pl\/t\/index.php?rest_route=%2Fwp%2Fv2%2Fmedia&parent=20743"}],"wp:term":[{"taxonomy":"category","embeddable":true,"href":"https:\/\/wgphoto.pl\/t\/index.php?rest_route=%2Fwp%2Fv2%2Fcategories&post=20743"},{"taxonomy":"post_tag","embeddable":true,"href":"https:\/\/wgphoto.pl\/t\/index.php?rest_route=%2Fwp%2Fv2%2Ftags&post=20743"}],"curies":[{"name":"wp","href":"https:\/\/api.w.org\/{rel}","templated":true}]}}