{"id":20763,"date":"2025-07-26T11:38:22","date_gmt":"2025-07-26T09:38:22","guid":{"rendered":"https:\/\/wgphoto.pl\/t\/?p=20763"},"modified":"2025-07-26T11:38:22","modified_gmt":"2025-07-26T09:38:22","slug":"mlody-kolzam","status":"publish","type":"post","link":"https:\/\/wgphoto.pl\/t\/?p=20763","title":{"rendered":"M\u0142ody Kolzam"},"content":{"rendered":"\n<figure class=\"wp-block-image aligncenter size-full\"><img loading=\"lazy\" decoding=\"async\" width=\"1400\" height=\"914\" src=\"https:\/\/wgphoto.pl\/t\/wp-content\/uploads\/2025\/07\/0415-35_rsn.jpg\" alt=\"\" class=\"wp-image-20764\" srcset=\"https:\/\/wgphoto.pl\/t\/wp-content\/uploads\/2025\/07\/0415-35_rsn.jpg 1400w, https:\/\/wgphoto.pl\/t\/wp-content\/uploads\/2025\/07\/0415-35_rsn-300x196.jpg 300w, https:\/\/wgphoto.pl\/t\/wp-content\/uploads\/2025\/07\/0415-35_rsn-768x501.jpg 768w\" sizes=\"auto, (max-width: 1400px) 100vw, 1400px\" \/><\/figure>\n\n\n\n<div class=\"wp-block-group has-global-padding is-layout-constrained wp-block-group-is-layout-constrained\">\n<p>Kilkumiesi\u0119czny w\u00f3wczas Kolzam SA109-003 jedzie jako poci\u0105g osobowy 88323 relacji K\u0142odzko G\u0142. &#8211; Wa\u0142brzych G\u0142. Na zdj\u0119ciu zbli\u017ca si\u0119 do przystanku w Ludwikowicach K\u0142odzkich. 25.07.2004<\/p>\n<\/div>\n","protected":false},"excerpt":{"rendered":"<p>Kilkumiesi\u0119czny w\u00f3wczas Kolzam SA109-003 jedzie jako poci\u0105g osobowy 88323 relacji K\u0142odzko G\u0142. &#8211; Wa\u0142brzych G\u0142. Na zdj\u0119ciu zbli\u017ca si\u0119 do przystanku w Ludwikowicach K\u0142odzkich. 25.07.2004<\/p>\n","protected":false},"author":1,"featured_media":20764,"comment_status":"open","ping_status":"","sticky":false,"template":"","format":"standard","meta":{"footnotes":""},"categories":[62,2,61],"tags":[392,390,45,63,27,1780,391],"class_list":["post-20763","post","type-post","status-publish","format-standard","has-post-thumbnail","hentry","category-analog","category-kolej","category-rok-2004","tag-2004-07-25","tag-ludwikowice-klodzkie","tag-most","tag-pkp","tag-polska","tag-sa109","tag-tab-pl245"],"_links":{"self":[{"href":"https:\/\/wgphoto.pl\/t\/index.php?rest_route=\/wp\/v2\/posts\/20763","targetHints":{"allow":["GET"]}}],"collection":[{"href":"https:\/\/wgphoto.pl\/t\/index.php?rest_route=\/wp\/v2\/posts"}],"about":[{"href":"https:\/\/wgphoto.pl\/t\/index.php?rest_route=\/wp\/v2\/types\/post"}],"author":[{"embeddable":true,"href":"https:\/\/wgphoto.pl\/t\/index.php?rest_route=\/wp\/v2\/users\/1"}],"replies":[{"embeddable":true,"href":"https:\/\/wgphoto.pl\/t\/index.php?rest_route=%2Fwp%2Fv2%2Fcomments&post=20763"}],"version-history":[{"count":1,"href":"https:\/\/wgphoto.pl\/t\/index.php?rest_route=\/wp\/v2\/posts\/20763\/revisions"}],"predecessor-version":[{"id":20765,"href":"https:\/\/wgphoto.pl\/t\/index.php?rest_route=\/wp\/v2\/posts\/20763\/revisions\/20765"}],"wp:featuredmedia":[{"embeddable":true,"href":"https:\/\/wgphoto.pl\/t\/index.php?rest_route=\/wp\/v2\/media\/20764"}],"wp:attachment":[{"href":"https:\/\/wgphoto.pl\/t\/index.php?rest_route=%2Fwp%2Fv2%2Fmedia&parent=20763"}],"wp:term":[{"taxonomy":"category","embeddable":true,"href":"https:\/\/wgphoto.pl\/t\/index.php?rest_route=%2Fwp%2Fv2%2Fcategories&post=20763"},{"taxonomy":"post_tag","embeddable":true,"href":"https:\/\/wgphoto.pl\/t\/index.php?rest_route=%2Fwp%2Fv2%2Ftags&post=20763"}],"curies":[{"name":"wp","href":"https:\/\/api.w.org\/{rel}","templated":true}]}}