{"id":20769,"date":"2025-07-26T11:40:37","date_gmt":"2025-07-26T09:40:37","guid":{"rendered":"https:\/\/wgphoto.pl\/t\/?p=20769"},"modified":"2025-07-26T11:40:58","modified_gmt":"2025-07-26T09:40:58","slug":"i-believe-i-can-fly-2","status":"publish","type":"post","link":"https:\/\/wgphoto.pl\/t\/?p=20769","title":{"rendered":"I believe I can fly"},"content":{"rendered":"\n<figure class=\"wp-block-image aligncenter size-full\"><img loading=\"lazy\" decoding=\"async\" width=\"1399\" height=\"956\" src=\"https:\/\/wgphoto.pl\/t\/wp-content\/uploads\/2025\/07\/IMGP9095.jpg\" alt=\"\" class=\"wp-image-20770\" srcset=\"https:\/\/wgphoto.pl\/t\/wp-content\/uploads\/2025\/07\/IMGP9095.jpg 1399w, https:\/\/wgphoto.pl\/t\/wp-content\/uploads\/2025\/07\/IMGP9095-300x205.jpg 300w, https:\/\/wgphoto.pl\/t\/wp-content\/uploads\/2025\/07\/IMGP9095-768x525.jpg 768w\" sizes=\"auto, (max-width: 1399px) 100vw, 1399px\" \/><\/figure>\n\n\n\n<div class=\"wp-block-group has-global-padding is-layout-constrained wp-block-group-is-layout-constrained\">\n<p>M27-002, czyli MBxd2 z kt\u00f3rej\u015b z polskich w\u0105skotor\u00f3wek po g\u0142\u0119bokiej przebudowie, na podno\u015bnikach w lokomotywowni JHMD w Jind\u0159ichovie Hradcu. 26.07.2020<\/p>\n<\/div>\n","protected":false},"excerpt":{"rendered":"<p>M27-002, czyli MBxd2 z kt\u00f3rej\u015b z polskich w\u0105skotor\u00f3wek po g\u0142\u0119bokiej przebudowie, na podno\u015bnikach w lokomotywowni JHMD w Jind\u0159ichovie Hradcu. 26.07.2020<\/p>\n","protected":false},"author":1,"featured_media":20770,"comment_status":"open","ping_status":"","sticky":false,"template":"","format":"standard","meta":{"footnotes":""},"categories":[2,676],"tags":[1890,49,3166,1898,359,4344,2922],"class_list":["post-20769","post","type-post","status-publish","format-standard","has-post-thumbnail","hentry","category-kolej","category-rok-2020","tag-2020-07-26","tag-czechy","tag-jhmd","tag-jindrichuv-hradec","tag-lokomotywownia","tag-m27","tag-mbxd2"],"_links":{"self":[{"href":"https:\/\/wgphoto.pl\/t\/index.php?rest_route=\/wp\/v2\/posts\/20769","targetHints":{"allow":["GET"]}}],"collection":[{"href":"https:\/\/wgphoto.pl\/t\/index.php?rest_route=\/wp\/v2\/posts"}],"about":[{"href":"https:\/\/wgphoto.pl\/t\/index.php?rest_route=\/wp\/v2\/types\/post"}],"author":[{"embeddable":true,"href":"https:\/\/wgphoto.pl\/t\/index.php?rest_route=\/wp\/v2\/users\/1"}],"replies":[{"embeddable":true,"href":"https:\/\/wgphoto.pl\/t\/index.php?rest_route=%2Fwp%2Fv2%2Fcomments&post=20769"}],"version-history":[{"count":1,"href":"https:\/\/wgphoto.pl\/t\/index.php?rest_route=\/wp\/v2\/posts\/20769\/revisions"}],"predecessor-version":[{"id":20771,"href":"https:\/\/wgphoto.pl\/t\/index.php?rest_route=\/wp\/v2\/posts\/20769\/revisions\/20771"}],"wp:featuredmedia":[{"embeddable":true,"href":"https:\/\/wgphoto.pl\/t\/index.php?rest_route=\/wp\/v2\/media\/20770"}],"wp:attachment":[{"href":"https:\/\/wgphoto.pl\/t\/index.php?rest_route=%2Fwp%2Fv2%2Fmedia&parent=20769"}],"wp:term":[{"taxonomy":"category","embeddable":true,"href":"https:\/\/wgphoto.pl\/t\/index.php?rest_route=%2Fwp%2Fv2%2Fcategories&post=20769"},{"taxonomy":"post_tag","embeddable":true,"href":"https:\/\/wgphoto.pl\/t\/index.php?rest_route=%2Fwp%2Fv2%2Ftags&post=20769"}],"curies":[{"name":"wp","href":"https:\/\/api.w.org\/{rel}","templated":true}]}}