{"id":20772,"date":"2025-07-26T11:42:00","date_gmt":"2025-07-26T09:42:00","guid":{"rendered":"https:\/\/wgphoto.pl\/t\/?p=20772"},"modified":"2025-07-26T11:44:40","modified_gmt":"2025-07-26T09:44:40","slug":"most-tecza","status":"publish","type":"post","link":"https:\/\/wgphoto.pl\/t\/?p=20772","title":{"rendered":"Most T\u0119cza"},"content":{"rendered":"\n<figure class=\"wp-block-image aligncenter size-full\"><img loading=\"lazy\" decoding=\"async\" width=\"1400\" height=\"927\" src=\"https:\/\/wgphoto.pl\/t\/wp-content\/uploads\/2025\/07\/IMGP8952.jpg\" alt=\"\" class=\"wp-image-20773\" srcset=\"https:\/\/wgphoto.pl\/t\/wp-content\/uploads\/2025\/07\/IMGP8952.jpg 1400w, https:\/\/wgphoto.pl\/t\/wp-content\/uploads\/2025\/07\/IMGP8952-300x199.jpg 300w, https:\/\/wgphoto.pl\/t\/wp-content\/uploads\/2025\/07\/IMGP8952-768x509.jpg 768w\" sizes=\"auto, (max-width: 1400px) 100vw, 1400px\" \/><\/figure>\n\n\n\n<div class=\"wp-block-group has-global-padding is-layout-constrained wp-block-group-is-layout-constrained\">\n<p>E422.0003 (wg oznacze\u0144 \u010cD 100.003) z poci\u0105giem osobowym 28414 relacji T\u00e1bor &#8211; Bechyn\u011b przeje\u017cd\u017ca Mostem Duha (czyli t\u0119cza) niedaleko przed stacj\u0105 ko\u0144cow\u0105. Niestety s\u0142o\u0144ce nie chcia\u0142o wsp\u00f3\u0142pracowa\u0107, st\u0105d dosy\u0107 rozpaczliwa obr\u00f3bka. 25.07.2020<\/p>\n<\/div>\n","protected":false},"excerpt":{"rendered":"<p>E422.0003 (wg oznacze\u0144 \u010cD 100.003) z poci\u0105giem osobowym 28414 relacji T\u00e1bor &#8211; Bechyn\u011b przeje\u017cd\u017ca Mostem Duha (czyli t\u0119cza) niedaleko przed stacj\u0105 ko\u0144cow\u0105. Niestety s\u0142o\u0144ce nie chcia\u0142o wsp\u00f3\u0142pracowa\u0107, st\u0105d dosy\u0107 rozpaczliwa obr\u00f3bka. 25.07.2020<\/p>\n","protected":false},"author":1,"featured_media":20773,"comment_status":"open","ping_status":"","sticky":false,"template":"","format":"standard","meta":{"footnotes":""},"categories":[2,676],"tags":[1888,1541,50,1403,49,1887,196,45,139,1542],"class_list":["post-20772","post","type-post","status-publish","format-standard","has-post-thumbnail","hentry","category-kolej","category-rok-2020","tag-2020-07-25","tag-bechyne","tag-cd","tag-csd","tag-czechy","tag-e422","tag-linie-raczej-lokalne","tag-most","tag-retro","tag-tab-cz202"],"_links":{"self":[{"href":"https:\/\/wgphoto.pl\/t\/index.php?rest_route=\/wp\/v2\/posts\/20772","targetHints":{"allow":["GET"]}}],"collection":[{"href":"https:\/\/wgphoto.pl\/t\/index.php?rest_route=\/wp\/v2\/posts"}],"about":[{"href":"https:\/\/wgphoto.pl\/t\/index.php?rest_route=\/wp\/v2\/types\/post"}],"author":[{"embeddable":true,"href":"https:\/\/wgphoto.pl\/t\/index.php?rest_route=\/wp\/v2\/users\/1"}],"replies":[{"embeddable":true,"href":"https:\/\/wgphoto.pl\/t\/index.php?rest_route=%2Fwp%2Fv2%2Fcomments&post=20772"}],"version-history":[{"count":2,"href":"https:\/\/wgphoto.pl\/t\/index.php?rest_route=\/wp\/v2\/posts\/20772\/revisions"}],"predecessor-version":[{"id":20779,"href":"https:\/\/wgphoto.pl\/t\/index.php?rest_route=\/wp\/v2\/posts\/20772\/revisions\/20779"}],"wp:featuredmedia":[{"embeddable":true,"href":"https:\/\/wgphoto.pl\/t\/index.php?rest_route=\/wp\/v2\/media\/20773"}],"wp:attachment":[{"href":"https:\/\/wgphoto.pl\/t\/index.php?rest_route=%2Fwp%2Fv2%2Fmedia&parent=20772"}],"wp:term":[{"taxonomy":"category","embeddable":true,"href":"https:\/\/wgphoto.pl\/t\/index.php?rest_route=%2Fwp%2Fv2%2Fcategories&post=20772"},{"taxonomy":"post_tag","embeddable":true,"href":"https:\/\/wgphoto.pl\/t\/index.php?rest_route=%2Fwp%2Fv2%2Ftags&post=20772"}],"curies":[{"name":"wp","href":"https:\/\/api.w.org\/{rel}","templated":true}]}}