{"id":20780,"date":"2025-07-26T12:56:04","date_gmt":"2025-07-26T10:56:04","guid":{"rendered":"https:\/\/wgphoto.pl\/t\/?p=20780"},"modified":"2025-07-26T12:56:04","modified_gmt":"2025-07-26T10:56:04","slug":"et22-929-marciszow","status":"publish","type":"post","link":"https:\/\/wgphoto.pl\/t\/?p=20780","title":{"rendered":"ET22-929, Marcisz\u00f3w"},"content":{"rendered":"\n<figure class=\"wp-block-image aligncenter size-full\"><img loading=\"lazy\" decoding=\"async\" width=\"1400\" height=\"875\" src=\"https:\/\/wgphoto.pl\/t\/wp-content\/uploads\/2025\/07\/0502-22_rsn.jpg\" alt=\"\" class=\"wp-image-20781\" srcset=\"https:\/\/wgphoto.pl\/t\/wp-content\/uploads\/2025\/07\/0502-22_rsn.jpg 1400w, https:\/\/wgphoto.pl\/t\/wp-content\/uploads\/2025\/07\/0502-22_rsn-300x188.jpg 300w, https:\/\/wgphoto.pl\/t\/wp-content\/uploads\/2025\/07\/0502-22_rsn-768x480.jpg 768w\" sizes=\"auto, (max-width: 1400px) 100vw, 1400px\" \/><\/figure>\n\n\n\n<div class=\"wp-block-group has-global-padding is-layout-constrained wp-block-group-is-layout-constrained\">\n<p>ET22-929 z CM Wroc\u0142aw z poci\u0105giem 68504 &#8222;Wiking&#8221; ze Szklarskiej Por\u0119by G\u00f3rnej do Szczecina G\u0142. zatrzymuje si\u0119 w Marciszowie. Ta lokomotywa, wraz z paroma dodatkowymi wagonami, zosta\u0142a zapi\u0119ta w Jeleniej G\u00f3rze. 01.02.2005<\/p>\n<\/div>\n","protected":false},"excerpt":{"rendered":"<p>ET22-929 z CM Wroc\u0142aw z poci\u0105giem 68504 &#8222;Wiking&#8221; ze Szklarskiej Por\u0119by G\u00f3rnej do Szczecina G\u0142. zatrzymuje si\u0119 w Marciszowie. Ta lokomotywa, wraz z paroma dodatkowymi wagonami, zosta\u0142a zapi\u0119ta w Jeleniej G\u00f3rze. 01.02.2005<\/p>\n","protected":false},"author":1,"featured_media":20781,"comment_status":"open","ping_status":"","sticky":false,"template":"","format":"standard","meta":{"footnotes":""},"categories":[62,2,311],"tags":[4313,26,83,63,27,44,200],"class_list":["post-20780","post","type-post","status-publish","format-standard","has-post-thumbnail","hentry","category-analog","category-kolej","category-rok-2005","tag-2005-02-01","tag-et22","tag-marciszow","tag-pkp","tag-polska","tag-snieg","tag-tab-pl240"],"_links":{"self":[{"href":"https:\/\/wgphoto.pl\/t\/index.php?rest_route=\/wp\/v2\/posts\/20780","targetHints":{"allow":["GET"]}}],"collection":[{"href":"https:\/\/wgphoto.pl\/t\/index.php?rest_route=\/wp\/v2\/posts"}],"about":[{"href":"https:\/\/wgphoto.pl\/t\/index.php?rest_route=\/wp\/v2\/types\/post"}],"author":[{"embeddable":true,"href":"https:\/\/wgphoto.pl\/t\/index.php?rest_route=\/wp\/v2\/users\/1"}],"replies":[{"embeddable":true,"href":"https:\/\/wgphoto.pl\/t\/index.php?rest_route=%2Fwp%2Fv2%2Fcomments&post=20780"}],"version-history":[{"count":1,"href":"https:\/\/wgphoto.pl\/t\/index.php?rest_route=\/wp\/v2\/posts\/20780\/revisions"}],"predecessor-version":[{"id":20782,"href":"https:\/\/wgphoto.pl\/t\/index.php?rest_route=\/wp\/v2\/posts\/20780\/revisions\/20782"}],"wp:featuredmedia":[{"embeddable":true,"href":"https:\/\/wgphoto.pl\/t\/index.php?rest_route=\/wp\/v2\/media\/20781"}],"wp:attachment":[{"href":"https:\/\/wgphoto.pl\/t\/index.php?rest_route=%2Fwp%2Fv2%2Fmedia&parent=20780"}],"wp:term":[{"taxonomy":"category","embeddable":true,"href":"https:\/\/wgphoto.pl\/t\/index.php?rest_route=%2Fwp%2Fv2%2Fcategories&post=20780"},{"taxonomy":"post_tag","embeddable":true,"href":"https:\/\/wgphoto.pl\/t\/index.php?rest_route=%2Fwp%2Fv2%2Ftags&post=20780"}],"curies":[{"name":"wp","href":"https:\/\/api.w.org\/{rel}","templated":true}]}}