{"id":20786,"date":"2025-07-26T12:58:57","date_gmt":"2025-07-26T10:58:57","guid":{"rendered":"https:\/\/wgphoto.pl\/t\/?p=20786"},"modified":"2025-07-26T12:58:57","modified_gmt":"2025-07-26T10:58:57","slug":"kazdy-znajdzie-swoje-miejsce","status":"publish","type":"post","link":"https:\/\/wgphoto.pl\/t\/?p=20786","title":{"rendered":"Ka\u017cdy znajdzie swoje miejsce"},"content":{"rendered":"\n<figure class=\"wp-block-image aligncenter size-full\"><img loading=\"lazy\" decoding=\"async\" width=\"1300\" height=\"861\" src=\"https:\/\/wgphoto.pl\/t\/wp-content\/uploads\/2025\/07\/IMGP6988.jpg\" alt=\"\" class=\"wp-image-20787\" srcset=\"https:\/\/wgphoto.pl\/t\/wp-content\/uploads\/2025\/07\/IMGP6988.jpg 1300w, https:\/\/wgphoto.pl\/t\/wp-content\/uploads\/2025\/07\/IMGP6988-300x199.jpg 300w, https:\/\/wgphoto.pl\/t\/wp-content\/uploads\/2025\/07\/IMGP6988-768x509.jpg 768w\" sizes=\"auto, (max-width: 1300px) 100vw, 1300px\" \/><\/figure>\n\n\n\n<div class=\"wp-block-group has-global-padding is-layout-constrained wp-block-group-is-layout-constrained\">\n<p>Wewn\u0105trz Alstoma z Miluzy (zreszt\u0105 to standard w tego typu pojazdach w tym rejonie \u015bwiata) mamy paradoks z polskiego punktu widzenia, gdzie oczekuje si\u0119 jednocze\u015bnie mn\u00f3stwa miejsc siedz\u0105cych, a jednocze\u015bnie, przy naszych standardach nape\u0142nie\u0144 (znacz\u0105co wy\u017cszych od zachodnich &#8211; nape\u0142nieniach, nie standardach) potrzeba wielu stoj\u0105cych. Gdyby wi\u0119c w Polsce kto\u015b zam\u00f3wi\u0142 taki tramwaj, od razu podni\u00f3s\u0142by si\u0119 krzyk, \u017ce taka &#8222;rze\u017ania&#8221; bez foteli. A tymczasem wystarczaj\u0105co miejsc siedz\u0105cych umieszczono nad sztywnymi w\u00f3zkami. Tutaj wi\u0119c mamy duuu\u017co miejsca na w\u00f3zki i rowery, a w razie ich braku mo\u017cna skorzysta\u0107 z rozk\u0142adanych foteli w pozycji siedz\u0105cej lub &#8222;poddupnik\u00f3w&#8221; w stoj\u0105cej &#8211; co kto lubi. 20.03.2018<\/p>\n<\/div>\n","protected":false},"excerpt":{"rendered":"<p>Wewn\u0105trz Alstoma z Miluzy (zreszt\u0105 to standard w tego typu pojazdach w tym rejonie \u015bwiata) mamy paradoks z polskiego punktu widzenia, gdzie oczekuje si\u0119 jednocze\u015bnie mn\u00f3stwa miejsc siedz\u0105cych, a jednocze\u015bnie, przy naszych standardach nape\u0142nie\u0144 (znacz\u0105co wy\u017cszych od zachodnich &#8211; nape\u0142nieniach, nie standardach) potrzeba wielu stoj\u0105cych. Gdyby wi\u0119c w Polsce kto\u015b zam\u00f3wi\u0142 taki tramwaj, od razu [&hellip;]<\/p>\n","protected":false},"author":1,"featured_media":20787,"comment_status":"open","ping_status":"","sticky":false,"template":"","format":"standard","meta":{"footnotes":""},"categories":[220,156,3],"tags":[602,170,415,601,183,600,454],"class_list":["post-20786","post","type-post","status-publish","format-standard","has-post-thumbnail","hentry","category-blo","category-rok-2018","category-tramwaj","tag-2018-03-20","tag-alstom-citadis302","tag-francja","tag-miluza","tag-suissetrip-2018","tag-tram-mulhouse","tag-wnetrza-pojazdow"],"_links":{"self":[{"href":"https:\/\/wgphoto.pl\/t\/index.php?rest_route=\/wp\/v2\/posts\/20786","targetHints":{"allow":["GET"]}}],"collection":[{"href":"https:\/\/wgphoto.pl\/t\/index.php?rest_route=\/wp\/v2\/posts"}],"about":[{"href":"https:\/\/wgphoto.pl\/t\/index.php?rest_route=\/wp\/v2\/types\/post"}],"author":[{"embeddable":true,"href":"https:\/\/wgphoto.pl\/t\/index.php?rest_route=\/wp\/v2\/users\/1"}],"replies":[{"embeddable":true,"href":"https:\/\/wgphoto.pl\/t\/index.php?rest_route=%2Fwp%2Fv2%2Fcomments&post=20786"}],"version-history":[{"count":1,"href":"https:\/\/wgphoto.pl\/t\/index.php?rest_route=\/wp\/v2\/posts\/20786\/revisions"}],"predecessor-version":[{"id":20788,"href":"https:\/\/wgphoto.pl\/t\/index.php?rest_route=\/wp\/v2\/posts\/20786\/revisions\/20788"}],"wp:featuredmedia":[{"embeddable":true,"href":"https:\/\/wgphoto.pl\/t\/index.php?rest_route=\/wp\/v2\/media\/20787"}],"wp:attachment":[{"href":"https:\/\/wgphoto.pl\/t\/index.php?rest_route=%2Fwp%2Fv2%2Fmedia&parent=20786"}],"wp:term":[{"taxonomy":"category","embeddable":true,"href":"https:\/\/wgphoto.pl\/t\/index.php?rest_route=%2Fwp%2Fv2%2Fcategories&post=20786"},{"taxonomy":"post_tag","embeddable":true,"href":"https:\/\/wgphoto.pl\/t\/index.php?rest_route=%2Fwp%2Fv2%2Ftags&post=20786"}],"curies":[{"name":"wp","href":"https:\/\/api.w.org\/{rel}","templated":true}]}}