{"id":20792,"date":"2025-07-26T13:01:11","date_gmt":"2025-07-26T11:01:11","guid":{"rendered":"https:\/\/wgphoto.pl\/t\/?p=20792"},"modified":"2025-07-26T13:01:11","modified_gmt":"2025-07-26T11:01:11","slug":"duzo-ekranow","status":"publish","type":"post","link":"https:\/\/wgphoto.pl\/t\/?p=20792","title":{"rendered":"Du\u017co ekran\u00f3w"},"content":{"rendered":"\n<figure class=\"wp-block-image aligncenter size-full\"><img loading=\"lazy\" decoding=\"async\" width=\"1300\" height=\"884\" src=\"https:\/\/wgphoto.pl\/t\/wp-content\/uploads\/2025\/07\/IMGP8821.jpg\" alt=\"\" class=\"wp-image-20793\" srcset=\"https:\/\/wgphoto.pl\/t\/wp-content\/uploads\/2025\/07\/IMGP8821.jpg 1300w, https:\/\/wgphoto.pl\/t\/wp-content\/uploads\/2025\/07\/IMGP8821-300x204.jpg 300w, https:\/\/wgphoto.pl\/t\/wp-content\/uploads\/2025\/07\/IMGP8821-768x522.jpg 768w\" sizes=\"auto, (max-width: 1300px) 100vw, 1300px\" \/><\/figure>\n\n\n\n<div class=\"wp-block-group has-global-padding is-layout-constrained wp-block-group-is-layout-constrained\">\n<p>Zawsze gdy patrz\u0119 na CAF-a Urbos mam nieodparte wra\u017cenie, \u017ce ten tramwaj by\u0142 wzorowany na Alstomach Citadis. Wn\u0119trze hiszpa\u0144skiego tramwaju ma jednak nieco mniej polotu od francuskiego, lecz jest schludne i funkcjonalne. Na tym uj\u0119ciu warto zwr\u00f3ci\u0107 uwag\u0119 na ekrany informacji pasa\u017cerskiej przy ka\u017cdych drzwiach, umieszczone po bokach, zamiast zwyczajowych &#8222;V&#8221; pod sufitem. 28.03.2018<\/p>\n<\/div>\n","protected":false},"excerpt":{"rendered":"<p>Zawsze gdy patrz\u0119 na CAF-a Urbos mam nieodparte wra\u017cenie, \u017ce ten tramwaj by\u0142 wzorowany na Alstomach Citadis. Wn\u0119trze hiszpa\u0144skiego tramwaju ma jednak nieco mniej polotu od francuskiego, lecz jest schludne i funkcjonalne. Na tym uj\u0119ciu warto zwr\u00f3ci\u0107 uwag\u0119 na ekrany informacji pasa\u017cerskiej przy ka\u017cdych drzwiach, umieszczone po bokach, zamiast zwyczajowych &#8222;V&#8221; pod sufitem. 28.03.2018<\/p>\n","protected":false},"author":1,"featured_media":20793,"comment_status":"open","ping_status":"","sticky":false,"template":"","format":"standard","meta":{"footnotes":""},"categories":[220,156,3],"tags":[1159,157,1157,23,183,223,1158,454],"class_list":["post-20792","post","type-post","status-publish","format-standard","has-post-thumbnail","hentry","category-blo","category-rok-2018","category-tramwaj","tag-2018-03-28","tag-caf-urbos","tag-fryburg-bryzgowijski","tag-niemcy","tag-suissetrip-2018","tag-symetria","tag-vag-freiburg-im-breisgau","tag-wnetrza-pojazdow"],"_links":{"self":[{"href":"https:\/\/wgphoto.pl\/t\/index.php?rest_route=\/wp\/v2\/posts\/20792","targetHints":{"allow":["GET"]}}],"collection":[{"href":"https:\/\/wgphoto.pl\/t\/index.php?rest_route=\/wp\/v2\/posts"}],"about":[{"href":"https:\/\/wgphoto.pl\/t\/index.php?rest_route=\/wp\/v2\/types\/post"}],"author":[{"embeddable":true,"href":"https:\/\/wgphoto.pl\/t\/index.php?rest_route=\/wp\/v2\/users\/1"}],"replies":[{"embeddable":true,"href":"https:\/\/wgphoto.pl\/t\/index.php?rest_route=%2Fwp%2Fv2%2Fcomments&post=20792"}],"version-history":[{"count":1,"href":"https:\/\/wgphoto.pl\/t\/index.php?rest_route=\/wp\/v2\/posts\/20792\/revisions"}],"predecessor-version":[{"id":20794,"href":"https:\/\/wgphoto.pl\/t\/index.php?rest_route=\/wp\/v2\/posts\/20792\/revisions\/20794"}],"wp:featuredmedia":[{"embeddable":true,"href":"https:\/\/wgphoto.pl\/t\/index.php?rest_route=\/wp\/v2\/media\/20793"}],"wp:attachment":[{"href":"https:\/\/wgphoto.pl\/t\/index.php?rest_route=%2Fwp%2Fv2%2Fmedia&parent=20792"}],"wp:term":[{"taxonomy":"category","embeddable":true,"href":"https:\/\/wgphoto.pl\/t\/index.php?rest_route=%2Fwp%2Fv2%2Fcategories&post=20792"},{"taxonomy":"post_tag","embeddable":true,"href":"https:\/\/wgphoto.pl\/t\/index.php?rest_route=%2Fwp%2Fv2%2Ftags&post=20792"}],"curies":[{"name":"wp","href":"https:\/\/api.w.org\/{rel}","templated":true}]}}